{"id":988,"date":"2010-03-16T09:28:50","date_gmt":"2010-03-16T07:28:50","guid":{"rendered":"https:\/\/www.forum-soegel.de\/information\/?p=988"},"modified":"2010-03-30T12:20:20","modified_gmt":"2010-03-30T10:20:20","slug":"jahreshauptversammlung-des-heimatverein-sogel","status":"publish","type":"post","link":"https:\/\/www.forum-soegel.de\/information\/2010\/03\/jahreshauptversammlung-des-heimatverein-sogel\/","title":{"rendered":"Jahreshauptversammlung des Heimatverein S\u00f6gel"},"content":{"rendered":"<p><strong>Dank und Anerkennung f\u00fcr Joachim Heeren<\/strong><\/p>\n<p>\u201eDu bist ein Vorsitzender, auf den man sich verlassen kann\u201c, mit diesen Worten \u00a0er\u00f6ffnete Georg Sewerin, Kassenwart des Heimatverein S\u00f6gel, seine Laudatio auf den Vorsitzenden Joachim Heeren und lobte dessen \u201evorbildliche Einsatzbereitschaft\u201c.<\/p>\n<p>Heeren hatte zuvor, in der \u201eguten Stube des Heimatvereins\u201c das Jahr 2009 \u00a0in einem Jahresr\u00fcckblick zusammengefasst.<\/p>\n<p>Rund 8700 G\u00e4ste konnte der Verein im Rahmen von 95 Veranstaltungen im vergangenen Jahr begr\u00fc\u00dfen.<\/p>\n<p>Mit dem Hinweis auf ein intaktes Vereinsleben dr\u00fcckte Heeren seinen Dank f\u00fcr Freundschaft und Zusammenhalt all denen aus, die sich f\u00fcr den Verein engagieren und betonte ausdr\u00fccklich die gute Zusammenarbeit mit der Gemeinde, die den Verein tatkr\u00e4ftig unterst\u00fctzt.<\/p>\n<p>Als Beispiel nannte er den Seniorenpfad, der einen barrierefreie Nutzung des Gel\u00e4ndes erm\u00f6glicht.<\/p>\n<p>Einen detaillierten\u00a0 \u00dcberblich \u00fcber Ihre Arbeit gaben Vertreter der einzelnen Aktionsbereiche.<\/p>\n<p>\u00a0So stellte Holger Lemmermann Literatur zur Heimatgeschichte S\u00f6gel und B\u00fccher mit aktuellem Zeitbezug vor, die donnerstags in der Zeit von\u00a0 15:00 bis 18:00 Uhr an der Schlaunallee ausgeliehen werden k\u00f6nnen.<\/p>\n<p>Bei den Trecksacksp\u00e4lern gab es eine personelle Ver\u00e4nderung.<\/p>\n<p>Die \u201ej\u00fcngeren\u201c Heiner Meiners und \u00a0Heinrich Brunsen, folgen Walter Duncker als die verantwortlichen Ansprechpartner der Trecksacksp\u00e4ler.<\/p>\n<p>Beide w\u00fcrden sich \u00fcber \u201ejungen Nachwuchs freuen\u201c.<\/p>\n<p>Der Tag der Niedersachsen in Celle 2010 ist die gro\u00dfe\u00a0 Herausforderung der Tanzgruppe.<\/p>\n<p>Zum 30 j\u00e4hrigen Bestehen der Tanzgruppe \u00fcberreichte deren Leiter Klaus Kulkmann Joachim Heeren eine reich bebilderte Chronik, die auf einer Ausarbeitung basiert, die Heidi Pennigers bereits zum 25 j\u00e4hrigen Bestehen der Tanzgruppe erstellt hatte.<\/p>\n<p>19 Nikol\u00e4use und\u00a0 Knecht Ruprechte begl\u00fcckten im vergangenen Jahr 325 Kinder.<\/p>\n<p>Bei der anstehenden Neuwahl wurde Willi Masbaum neuer stellvertretender Vorsitzender des Heimatvereins und Walter Klaas als Beisitzer im Amt best\u00e4tigt.<\/p>\n<p>Text\/Fotos:KS<\/p>\n<p><a href=\"https:\/\/www.forum-soegel.de\/information\/wp-content\/uploads\/2010\/03\/Heimatverein.jpg\"><img loading=\"lazy\" decoding=\"async\" class=\"alignnone size-thumbnail wp-image-989\" title=\"Heimatverein\" src=\"https:\/\/www.forum-soegel.de\/information\/wp-content\/uploads\/2010\/03\/Heimatverein-150x150.jpg\" alt=\"\" width=\"150\" height=\"150\" \/><\/a>\u00a0\u00a0\u00a0\u00a0 \u00a0<a href=\"https:\/\/www.forum-soegel.de\/information\/wp-content\/uploads\/2010\/03\/DSCF5157.jpg\"><img loading=\"lazy\" decoding=\"async\" class=\"alignnone size-thumbnail wp-image-990\" title=\"DSCF5157\" src=\"https:\/\/www.forum-soegel.de\/information\/wp-content\/uploads\/2010\/03\/DSCF5157-150x150.jpg\" alt=\"\" width=\"150\" height=\"150\" \/><\/a>\u00a0\u00a0\u00a0\u00a0\u00a0 <a href=\"https:\/\/www.forum-soegel.de\/information\/wp-content\/uploads\/2010\/03\/DSCF5158.jpg\"><img loading=\"lazy\" decoding=\"async\" class=\"alignnone size-thumbnail wp-image-991\" title=\"DSCF5158\" src=\"https:\/\/www.forum-soegel.de\/information\/wp-content\/uploads\/2010\/03\/DSCF5158-150x150.jpg\" alt=\"\" width=\"150\" height=\"150\" \/><\/a>\u00a0\u00a0\u00a0\u00a0 \u00a0<a href=\"https:\/\/www.forum-soegel.de\/information\/wp-content\/uploads\/2010\/03\/DSCF5161.jpg\"><img loading=\"lazy\" decoding=\"async\" class=\"alignnone size-thumbnail wp-image-992\" title=\"DSCF5161\" src=\"https:\/\/www.forum-soegel.de\/information\/wp-content\/uploads\/2010\/03\/DSCF5161-150x150.jpg\" alt=\"\" width=\"150\" height=\"150\" \/><\/a>\u00a0\u00a0\u00a0\u00a0 \u00a0<a href=\"https:\/\/www.forum-soegel.de\/information\/wp-content\/uploads\/2010\/03\/DSCF5162.jpg\"><img loading=\"lazy\" decoding=\"async\" class=\"alignnone size-thumbnail wp-image-993\" title=\"DSCF5162\" src=\"https:\/\/www.forum-soegel.de\/information\/wp-content\/uploads\/2010\/03\/DSCF5162-150x150.jpg\" alt=\"\" width=\"150\" height=\"150\" \/><\/a>\u00a0\u00a0\u00a0\u00a0 \u00a0<a href=\"https:\/\/www.forum-soegel.de\/information\/wp-content\/uploads\/2010\/03\/DSCF5166.jpg\"><img loading=\"lazy\" decoding=\"async\" class=\"alignnone size-thumbnail wp-image-995\" title=\"DSCF5166\" src=\"https:\/\/www.forum-soegel.de\/information\/wp-content\/uploads\/2010\/03\/DSCF5166-150x150.jpg\" alt=\"\" width=\"150\" height=\"150\" \/><\/a>\u00a0\u00a0\u00a0\u00a0 \u00a0<a href=\"https:\/\/www.forum-soegel.de\/information\/wp-content\/uploads\/2010\/03\/DSCF5159.jpg\"><img loading=\"lazy\" decoding=\"async\" class=\"alignnone size-thumbnail wp-image-996\" title=\"DSCF5159\" src=\"https:\/\/www.forum-soegel.de\/information\/wp-content\/uploads\/2010\/03\/DSCF5159-150x150.jpg\" alt=\"\" width=\"150\" height=\"150\" \/><\/a><\/p>\n","protected":false},"excerpt":{"rendered":"Dank und Anerkennung f\u00fcr Joachim Heeren \u201eDu bist ein Vorsitzender, auf den man sich verlassen kann\u201c, mit diesen Worten \u00a0er\u00f6ffnete Georg Sewerin, Kassenwart des Heimatverein S\u00f6gel, seine Laudatio auf den Vorsitzenden Joachim Heeren und lobte dessen \u201evorbildliche Einsatzbereitschaft\u201c. Heeren hatte zuvor, in der \u201eguten Stube des Heimatvereins\u201c das Jahr 2009 \u00a0in einem Jahresr\u00fcckblick zusammengefasst. Rund [&hellip;]\n","protected":false},"author":2,"featured_media":0,"comment_status":"closed","ping_status":"closed","sticky":false,"template":"","format":"standard","meta":{"ngg_post_thumbnail":0,"footnotes":""},"categories":[5],"tags":[56],"class_list":["post-988","post","type-post","status-publish","format-standard","hentry","category-was-machen-die-vereine","tag-heimatverein"],"_links":{"self":[{"href":"https:\/\/www.forum-soegel.de\/information\/wp-json\/wp\/v2\/posts\/988","targetHints":{"allow":["GET"]}}],"collection":[{"href":"https:\/\/www.forum-soegel.de\/information\/wp-json\/wp\/v2\/posts"}],"about":[{"href":"https:\/\/www.forum-soegel.de\/information\/wp-json\/wp\/v2\/types\/post"}],"author":[{"embeddable":true,"href":"https:\/\/www.forum-soegel.de\/information\/wp-json\/wp\/v2\/users\/2"}],"replies":[{"embeddable":true,"href":"https:\/\/www.forum-soegel.de\/information\/wp-json\/wp\/v2\/comments?post=988"}],"version-history":[{"count":3,"href":"https:\/\/www.forum-soegel.de\/information\/wp-json\/wp\/v2\/posts\/988\/revisions"}],"predecessor-version":[{"id":998,"href":"https:\/\/www.forum-soegel.de\/information\/wp-json\/wp\/v2\/posts\/988\/revisions\/998"}],"wp:attachment":[{"href":"https:\/\/www.forum-soegel.de\/information\/wp-json\/wp\/v2\/media?parent=988"}],"wp:term":[{"taxonomy":"category","embeddable":true,"href":"https:\/\/www.forum-soegel.de\/information\/wp-json\/wp\/v2\/categories?post=988"},{"taxonomy":"post_tag","embeddable":true,"href":"https:\/\/www.forum-soegel.de\/information\/wp-json\/wp\/v2\/tags?post=988"}],"curies":[{"name":"wp","href":"https:\/\/api.w.org\/{rel}","templated":true}]}}