{"id":9871,"date":"2013-01-01T00:48:52","date_gmt":"2012-12-31T23:48:52","guid":{"rendered":"https:\/\/www.forum-soegel.de\/information\/?p=9871"},"modified":"2012-12-30T18:01:04","modified_gmt":"2012-12-30T17:01:04","slug":"einladung","status":"publish","type":"post","link":"https:\/\/www.forum-soegel.de\/information\/2013\/01\/einladung\/","title":{"rendered":"Einladung"},"content":{"rendered":"<p>Am Sonntag, dem <strong>6. Januar 2013<\/strong>, findet ab 11.30 Uhr im Heimathaus der Neujahrsempfang der Gemeinde S\u00f6gel statt. Hierzu m\u00f6chten wir alle interessierten B\u00fcrgerinnen und B\u00fcrger herzlich einladen.<\/p>\n<p>Neben\u00a0 einem kurzen\u00a0R\u00fcckblick auf das Jahr 2012 und einem\u00a0 Ausblick\u00a0 auf\u00a0 das\u00a0\u00a0 neue Jahr sollen im Mittelpunkt dieses Neujahrsempfangs die Begegnung und das gemeinsame Gespr\u00e4ch stehen.<\/p>\n<p>Wir w\u00fcrden uns freuen, wenn zudem viele Repr\u00e4sentanten der S\u00f6geler Vereine dieser Veranstaltung beiwohnen.<\/p>\n<p>&nbsp;<\/p>\n<p>Wir w\u00fcnschen Ihnen und Ihren Familien ein gl\u00fcckliches und erfolgreiches Jahr 2013.<\/p>\n<p>Mit freundlichen Gr\u00fc\u00dfen<\/p>\n<p>&nbsp;<\/p>\n<p><span style=\"font-size: small;\"><span style=\"line-height: normal;\">Irmgard Welling \u00a0 \u00a0 \u00a0 \u00a0 \u00a0 \u00a0 \u00a0 \u00a0 \u00a0 \u00a0 \u00a0 \u00a0 \u00a0 \u00a0G\u00fcnter Wigbers<\/span><\/span><\/p>\n<p>B\u00fcrgermeisterin \u00a0 \u00a0 \u00a0 \u00a0 \u00a0 \u00a0 \u00a0 \u00a0 \u00a0 \u00a0 \u00a0 \u00a0 \u00a0 \u00a0 \u00a0 \u00a0 \u00a0 Gemeindedirektor<\/p>\n","protected":false},"excerpt":{"rendered":"Am Sonntag, dem 6. Januar 2013, findet ab 11.30 Uhr im Heimathaus der Neujahrsempfang der Gemeinde S\u00f6gel statt. Hierzu m\u00f6chten wir alle interessierten B\u00fcrgerinnen und B\u00fcrger herzlich einladen. Neben\u00a0 einem kurzen\u00a0R\u00fcckblick auf das Jahr 2012 und einem\u00a0 Ausblick\u00a0 auf\u00a0 das\u00a0\u00a0 neue Jahr sollen im Mittelpunkt dieses Neujahrsempfangs die Begegnung und das gemeinsame Gespr\u00e4ch stehen. Wir [&hellip;]\n","protected":false},"author":2,"featured_media":0,"comment_status":"closed","ping_status":"closed","sticky":false,"template":"","format":"standard","meta":{"ngg_post_thumbnail":0,"footnotes":""},"categories":[10],"tags":[],"class_list":["post-9871","post","type-post","status-publish","format-standard","hentry","category-rat-und-verwaltung-informieren"],"_links":{"self":[{"href":"https:\/\/www.forum-soegel.de\/information\/wp-json\/wp\/v2\/posts\/9871","targetHints":{"allow":["GET"]}}],"collection":[{"href":"https:\/\/www.forum-soegel.de\/information\/wp-json\/wp\/v2\/posts"}],"about":[{"href":"https:\/\/www.forum-soegel.de\/information\/wp-json\/wp\/v2\/types\/post"}],"author":[{"embeddable":true,"href":"https:\/\/www.forum-soegel.de\/information\/wp-json\/wp\/v2\/users\/2"}],"replies":[{"embeddable":true,"href":"https:\/\/www.forum-soegel.de\/information\/wp-json\/wp\/v2\/comments?post=9871"}],"version-history":[{"count":9,"href":"https:\/\/www.forum-soegel.de\/information\/wp-json\/wp\/v2\/posts\/9871\/revisions"}],"predecessor-version":[{"id":9880,"href":"https:\/\/www.forum-soegel.de\/information\/wp-json\/wp\/v2\/posts\/9871\/revisions\/9880"}],"wp:attachment":[{"href":"https:\/\/www.forum-soegel.de\/information\/wp-json\/wp\/v2\/media?parent=9871"}],"wp:term":[{"taxonomy":"category","embeddable":true,"href":"https:\/\/www.forum-soegel.de\/information\/wp-json\/wp\/v2\/categories?post=9871"},{"taxonomy":"post_tag","embeddable":true,"href":"https:\/\/www.forum-soegel.de\/information\/wp-json\/wp\/v2\/tags?post=9871"}],"curies":[{"name":"wp","href":"https:\/\/api.w.org\/{rel}","templated":true}]}}