{"id":9869,"date":"2013-01-01T00:48:04","date_gmt":"2012-12-31T23:48:04","guid":{"rendered":"https:\/\/www.forum-soegel.de\/information\/?p=9869"},"modified":"2012-12-30T17:48:47","modified_gmt":"2012-12-30T16:48:47","slug":"ausstellung-im-ludmillenhof-29","status":"publish","type":"post","link":"https:\/\/www.forum-soegel.de\/information\/2013\/01\/ausstellung-im-ludmillenhof-29\/","title":{"rendered":"Ausstellung im Ludmillenhof"},"content":{"rendered":"<p>Am 15. Januar 2013 wird um 18:30 Uhr die Fotoausstellung von Richard Heskamp im Ludmillenhof er\u00f6ffnet. Der geb\u00fcrtige Emsl\u00e4nder entdeckte schon in den 70er Jahren die Fotografie zun\u00e4chst als Hobby. Schritt f\u00fcr Schritt hat er seinen fotografischen Blickwinkel erweitert. Die Ausstellung kann w\u00e4hrend der \u00d6ffnungszeiten der Samtgemeindeverwaltung besichtigt werden. Sie verweilt bis zum 1. M\u00e4rz 2013 im Rathaus.<\/p>\n","protected":false},"excerpt":{"rendered":"Am 15. Januar 2013 wird um 18:30 Uhr die Fotoausstellung von Richard Heskamp im Ludmillenhof er\u00f6ffnet. Der geb\u00fcrtige Emsl\u00e4nder entdeckte schon in den 70er Jahren die Fotografie zun\u00e4chst als Hobby. Schritt f\u00fcr Schritt hat er seinen fotografischen Blickwinkel erweitert. Die Ausstellung kann w\u00e4hrend der \u00d6ffnungszeiten der Samtgemeindeverwaltung besichtigt werden. Sie verweilt bis zum 1. M\u00e4rz [&hellip;]\n","protected":false},"author":2,"featured_media":0,"comment_status":"closed","ping_status":"closed","sticky":false,"template":"","format":"standard","meta":{"ngg_post_thumbnail":0,"footnotes":""},"categories":[10],"tags":[],"class_list":["post-9869","post","type-post","status-publish","format-standard","hentry","category-rat-und-verwaltung-informieren"],"_links":{"self":[{"href":"https:\/\/www.forum-soegel.de\/information\/wp-json\/wp\/v2\/posts\/9869","targetHints":{"allow":["GET"]}}],"collection":[{"href":"https:\/\/www.forum-soegel.de\/information\/wp-json\/wp\/v2\/posts"}],"about":[{"href":"https:\/\/www.forum-soegel.de\/information\/wp-json\/wp\/v2\/types\/post"}],"author":[{"embeddable":true,"href":"https:\/\/www.forum-soegel.de\/information\/wp-json\/wp\/v2\/users\/2"}],"replies":[{"embeddable":true,"href":"https:\/\/www.forum-soegel.de\/information\/wp-json\/wp\/v2\/comments?post=9869"}],"version-history":[{"count":1,"href":"https:\/\/www.forum-soegel.de\/information\/wp-json\/wp\/v2\/posts\/9869\/revisions"}],"predecessor-version":[{"id":9870,"href":"https:\/\/www.forum-soegel.de\/information\/wp-json\/wp\/v2\/posts\/9869\/revisions\/9870"}],"wp:attachment":[{"href":"https:\/\/www.forum-soegel.de\/information\/wp-json\/wp\/v2\/media?parent=9869"}],"wp:term":[{"taxonomy":"category","embeddable":true,"href":"https:\/\/www.forum-soegel.de\/information\/wp-json\/wp\/v2\/categories?post=9869"},{"taxonomy":"post_tag","embeddable":true,"href":"https:\/\/www.forum-soegel.de\/information\/wp-json\/wp\/v2\/tags?post=9869"}],"curies":[{"name":"wp","href":"https:\/\/api.w.org\/{rel}","templated":true}]}}