{"id":9776,"date":"2013-01-01T00:58:02","date_gmt":"2012-12-31T23:58:02","guid":{"rendered":"https:\/\/www.forum-soegel.de\/information\/?p=9776"},"modified":"2012-12-30T15:02:34","modified_gmt":"2012-12-30T14:02:34","slug":"adventsfeier-der-kolpingsfamilie","status":"publish","type":"post","link":"https:\/\/www.forum-soegel.de\/information\/2013\/01\/adventsfeier-der-kolpingsfamilie\/","title":{"rendered":"Adventsfeier der Kolpingsfamilie"},"content":{"rendered":"<p>Im Rahmen der gut besuchten Adventsfeier der Kolpingsfamilie im Pfarrhaus konnten am Samstagabend f\u00fcnf Mitglieder f\u00fcr ihre langj\u00e4hrige Mitgliedschaft ausgezeichnet werden. Die Ehrungen nahmen der Pr\u00e4ses Pastor Bernhard Horstmann sowie der erste Vorsitzende Thomas G\u00e4ken vor.<\/p>\n<p>Josef Langen (25 Jahre), Wilhelm Meyer und Werner Schlangen (beide 50 Jahre) konnten eine Ehrennadel und eine Urkunde entgegennehmen.<\/p>\n<p>Noch l\u00e4nger, n\u00e4mlich 60 Jahre, sind die beiden Mitglieder Heinrich Meyer und Wilhelm Kleymann, der den Verein als Vorsitzender bereits viele Jahre gef\u00fchrt hat, dabei.<\/p>\n<p>Im Verlauf des Abends sorgte ein gern gesehener Gast zus\u00e4tzlich f\u00fcr eine sch\u00f6ne vorweihnachtliche Stimmung. Der Nikolaus lie\u00df es sich nicht nehmen, die Feier zu besuchen. Er berichtete \u00fcber die Aktivit\u00e4ten der Kolpingsfamlilie und bedankte sich f\u00fcr das Engagement des Vorstandes. Als Belohnung f\u00fcr ein Nikolauslied verteilte der heilige Mann kleine Geschenke an die anwesenden Mitglieder.<\/p>\n<p>Text\/Foto. Thomas Wigbers \/SPH-V<\/p>\n<p><a href=\"https:\/\/www.forum-soegel.de\/information\/wp-content\/uploads\/2012\/12\/Kolping1.jpg\"><img loading=\"lazy\" decoding=\"async\" class=\"alignnone size-thumbnail wp-image-9777\" title=\"Kolping1\" src=\"https:\/\/www.forum-soegel.de\/information\/wp-content\/uploads\/2012\/12\/Kolping1-150x150.jpg\" alt=\"\" width=\"150\" height=\"150\" \/><\/a>\u00a0\u00a0<a href=\"https:\/\/www.forum-soegel.de\/information\/wp-content\/uploads\/2012\/12\/Kolping2.jpg\"><img loading=\"lazy\" decoding=\"async\" class=\"alignnone size-thumbnail wp-image-9778\" title=\"Kolping2\" src=\"https:\/\/www.forum-soegel.de\/information\/wp-content\/uploads\/2012\/12\/Kolping2-150x150.jpg\" alt=\"\" width=\"150\" height=\"150\" \/><\/a><\/p>\n","protected":false},"excerpt":{"rendered":"Im Rahmen der gut besuchten Adventsfeier der Kolpingsfamilie im Pfarrhaus konnten am Samstagabend f\u00fcnf Mitglieder f\u00fcr ihre langj\u00e4hrige Mitgliedschaft ausgezeichnet werden. Die Ehrungen nahmen der Pr\u00e4ses Pastor Bernhard Horstmann sowie der erste Vorsitzende Thomas G\u00e4ken vor. Josef Langen (25 Jahre), Wilhelm Meyer und Werner Schlangen (beide 50 Jahre) konnten eine Ehrennadel und eine Urkunde entgegennehmen. [&hellip;]\n","protected":false},"author":2,"featured_media":0,"comment_status":"closed","ping_status":"closed","sticky":false,"template":"","format":"standard","meta":{"ngg_post_thumbnail":0,"footnotes":""},"categories":[868],"tags":[],"class_list":["post-9776","post","type-post","status-publish","format-standard","hentry","category-zwischen-himmel-und-erde"],"_links":{"self":[{"href":"https:\/\/www.forum-soegel.de\/information\/wp-json\/wp\/v2\/posts\/9776","targetHints":{"allow":["GET"]}}],"collection":[{"href":"https:\/\/www.forum-soegel.de\/information\/wp-json\/wp\/v2\/posts"}],"about":[{"href":"https:\/\/www.forum-soegel.de\/information\/wp-json\/wp\/v2\/types\/post"}],"author":[{"embeddable":true,"href":"https:\/\/www.forum-soegel.de\/information\/wp-json\/wp\/v2\/users\/2"}],"replies":[{"embeddable":true,"href":"https:\/\/www.forum-soegel.de\/information\/wp-json\/wp\/v2\/comments?post=9776"}],"version-history":[{"count":1,"href":"https:\/\/www.forum-soegel.de\/information\/wp-json\/wp\/v2\/posts\/9776\/revisions"}],"predecessor-version":[{"id":9779,"href":"https:\/\/www.forum-soegel.de\/information\/wp-json\/wp\/v2\/posts\/9776\/revisions\/9779"}],"wp:attachment":[{"href":"https:\/\/www.forum-soegel.de\/information\/wp-json\/wp\/v2\/media?parent=9776"}],"wp:term":[{"taxonomy":"category","embeddable":true,"href":"https:\/\/www.forum-soegel.de\/information\/wp-json\/wp\/v2\/categories?post=9776"},{"taxonomy":"post_tag","embeddable":true,"href":"https:\/\/www.forum-soegel.de\/information\/wp-json\/wp\/v2\/tags?post=9776"}],"curies":[{"name":"wp","href":"https:\/\/api.w.org\/{rel}","templated":true}]}}