{"id":9773,"date":"2013-01-01T00:53:00","date_gmt":"2012-12-31T23:53:00","guid":{"rendered":"https:\/\/www.forum-soegel.de\/information\/?p=9773"},"modified":"2012-12-30T14:57:29","modified_gmt":"2012-12-30T13:57:29","slug":"mit-dem-eselskarren-nach-santiago-de-compostela","status":"publish","type":"post","link":"https:\/\/www.forum-soegel.de\/information\/2013\/01\/mit-dem-eselskarren-nach-santiago-de-compostela\/","title":{"rendered":"Mit dem Eselskarren nach Santiago de Compostela"},"content":{"rendered":"<p><strong>Bernd Meemken zu Gast beim Kl\u00f6nnachmittag der Kolpingsfamilie S\u00f6gel-Stavern<\/strong><\/p>\n<p>Was tun, wenn man in den wohlverdienten Ruhestand gegangen ist? Das fragte sich Bernd Meemken aus Gehlenberg, nachdem er seinen Betrieb an seinen Sohn abgegeben hatte. Rumsitzen und D\u00e4umchen drehen war nicht sein Ding. So entschied er sich vor 3 Jahren, den Jakobsweg von Deutschland bis nach Santiago de Compostela in Spanien zu Fu\u00df zur\u00fcckzulegen.<\/p>\n<p>Und so erz\u00e4hlte er den zahlreichen Besuchern des Kl\u00f6nnachmittags im Heimathaus in gem\u00fctlicher Runde bei Kaffee und Kuchen von seiner Reise:<\/p>\n<p>Gestartet war Meemken in seinem Heimatdorf Gehlenberg. \u201eMan noh twei Doage wann de F\u00e4ute so kaputt, dat miene Frau mi wer afholen m\u00f6sste,\u201c berichtete er lachend. Nach Beratungen mit der Familie entschied er sich, einen Esel vor einen Karren zu spannen \u2013 und so ging es erneut los.<\/p>\n<p>Meemken teilte die gesamte Strecke in 5 Etappen auf, die er von Juni 2009 \u2013 September 2010 zur\u00fccklegte. Insgesamt war er hierf\u00fcr \u00fcber 100 Tage unterwegs.<\/p>\n<p>\u00dcber das Ruhrgebiet, durch K\u00f6ln und Trier ging es immer auf dem Jakobsweg weiter \u00fcber Luxemburg und durch Frankreich nach Spanien. \u00dcberall war er mit seinem Eselskarren besonders f\u00fcr die Kinder die Attraktion des Tages. Dies zeigten auch die zahlreichen Fotos, die er auf seinem Weg gemacht hatte und die die Besucher w\u00e4hrend seiner Erz\u00e4hlungen auf der Leinwand sehen konnten.<\/p>\n<p>Geschlafen wurde in Pilgerherbergen, aber auch bei Privatpersonen sowie in Kl\u00f6stern und Pfarrh\u00e4usern. \u201eImmer s\u00fcnd mien Esel und ick fr\u00f6ndlich upnoahm worn, nie haf us jemand ofwiesen.\u201c Die Herzlichkeit der Menschen habe ihn besonders beeindruckt. Und die vielen Geschichten und Schicksale der Pilger aus aller Welt, die er auf seinem langen Weg getroffen habe:<\/p>\n<p>Da war z.B. der Rentner mit seiner schwer demenzkranken Frau. Ein Fahrrad \u2013 versehen mit einem zus\u00e4tzlichen Sitz f\u00fcr seine Frau &#8211;\u00a0 diente als Fortbewegungsmittel f\u00fcr die Strecke nach Santiago de Compostela und zur\u00fcck nach Hause an den Genfer See (Frankreich);<\/p>\n<p>oder die arbeitslose Frau aus Deutschland, die den Weg bereits zum vierten Mal ging;<\/p>\n<p>das junge Paar, das vor der Hochzeit die Beziehung noch einmal auf die Probe stellen wollte. Manchmal pilgerte man ein paar Tage zusammen, dann wieder trennten sich die Wege.<\/p>\n<p>Und so erreichten sie das Ziel ihrer Reise, Santiago de Compostela, und waren begeistert von der riesigen Kathedrale und den vielen Menschen, die sich wie sie auf den Weg gemacht hatten.<\/p>\n<p>Mit Fotos vom \u201eEnde der Erde&#8220; in Finisterre mit wundersch\u00f6nem Blick auf den Atlantischen Ozean, wo man Sorgen, symbolisiert durch Kleidung oder Schuhe, ablegen und erleichtert den Heimweg antreten kann, beendete Meemken seinen Reisebericht.<\/p>\n<p>Vorsitzender Karl-Heinz Kenning bedankte sich im Namen aller Anwesenden f\u00fcr den interessanten und mit viel Humor vorgetragenen Bericht. Sein Dank galt auch der Tanzgruppe des Heimatvereins und den \u201elustigen Oldies\u201c, die mit ihren Tanzeinlagen zum Gelingen des Kl\u00f6nnachmittags beitrugen.<\/p>\n<p>Text: Maria Wilmes<\/p>\n<p>Foto: Bernd Meemken<\/p>\n<p><a href=\"https:\/\/www.forum-soegel.de\/information\/wp-content\/uploads\/2012\/12\/Mit-dem-Eselskarren-nach-Santiago-de-Compostela.jpg\"><img loading=\"lazy\" decoding=\"async\" class=\"alignnone size-medium wp-image-9774\" title=\"Mit dem Eselskarren nach Santiago de Compostela\" src=\"https:\/\/www.forum-soegel.de\/information\/wp-content\/uploads\/2012\/12\/Mit-dem-Eselskarren-nach-Santiago-de-Compostela-300x223.jpg\" alt=\"\" width=\"300\" height=\"223\" srcset=\"https:\/\/www.forum-soegel.de\/information\/wp-content\/uploads\/2012\/12\/Mit-dem-Eselskarren-nach-Santiago-de-Compostela-300x223.jpg 300w, https:\/\/www.forum-soegel.de\/information\/wp-content\/uploads\/2012\/12\/Mit-dem-Eselskarren-nach-Santiago-de-Compostela.jpg 1024w\" sizes=\"auto, (max-width: 300px) 100vw, 300px\" \/><\/a><\/p>\n","protected":false},"excerpt":{"rendered":"Bernd Meemken zu Gast beim Kl\u00f6nnachmittag der Kolpingsfamilie S\u00f6gel-Stavern Was tun, wenn man in den wohlverdienten Ruhestand gegangen ist? Das fragte sich Bernd Meemken aus Gehlenberg, nachdem er seinen Betrieb an seinen Sohn abgegeben hatte. Rumsitzen und D\u00e4umchen drehen war nicht sein Ding. So entschied er sich vor 3 Jahren, den Jakobsweg von Deutschland bis [&hellip;]\n","protected":false},"author":2,"featured_media":0,"comment_status":"closed","ping_status":"closed","sticky":false,"template":"","format":"standard","meta":{"ngg_post_thumbnail":0,"footnotes":""},"categories":[868],"tags":[],"class_list":["post-9773","post","type-post","status-publish","format-standard","hentry","category-zwischen-himmel-und-erde"],"_links":{"self":[{"href":"https:\/\/www.forum-soegel.de\/information\/wp-json\/wp\/v2\/posts\/9773","targetHints":{"allow":["GET"]}}],"collection":[{"href":"https:\/\/www.forum-soegel.de\/information\/wp-json\/wp\/v2\/posts"}],"about":[{"href":"https:\/\/www.forum-soegel.de\/information\/wp-json\/wp\/v2\/types\/post"}],"author":[{"embeddable":true,"href":"https:\/\/www.forum-soegel.de\/information\/wp-json\/wp\/v2\/users\/2"}],"replies":[{"embeddable":true,"href":"https:\/\/www.forum-soegel.de\/information\/wp-json\/wp\/v2\/comments?post=9773"}],"version-history":[{"count":1,"href":"https:\/\/www.forum-soegel.de\/information\/wp-json\/wp\/v2\/posts\/9773\/revisions"}],"predecessor-version":[{"id":9775,"href":"https:\/\/www.forum-soegel.de\/information\/wp-json\/wp\/v2\/posts\/9773\/revisions\/9775"}],"wp:attachment":[{"href":"https:\/\/www.forum-soegel.de\/information\/wp-json\/wp\/v2\/media?parent=9773"}],"wp:term":[{"taxonomy":"category","embeddable":true,"href":"https:\/\/www.forum-soegel.de\/information\/wp-json\/wp\/v2\/categories?post=9773"},{"taxonomy":"post_tag","embeddable":true,"href":"https:\/\/www.forum-soegel.de\/information\/wp-json\/wp\/v2\/tags?post=9773"}],"curies":[{"name":"wp","href":"https:\/\/api.w.org\/{rel}","templated":true}]}}