{"id":9722,"date":"2013-01-01T00:56:29","date_gmt":"2012-12-31T23:56:29","guid":{"rendered":"https:\/\/www.forum-soegel.de\/information\/?p=9722"},"modified":"2012-12-26T18:58:10","modified_gmt":"2012-12-26T17:58:10","slug":"einfach-nur-%e2%80%9edanke%e2%80%9c-sagen","status":"publish","type":"post","link":"https:\/\/www.forum-soegel.de\/information\/2013\/01\/einfach-nur-%e2%80%9edanke%e2%80%9c-sagen\/","title":{"rendered":"Einfach nur \u201eDanke\u201c sagen!"},"content":{"rendered":"<p>Nicht nur zum Ende des alten Jahres, sondern auch zu Beginn des neuen ist es uns\u00a0 vom Vorstand des FORUM S\u00f6gel e.V. als Herausgeber unserer Monatsbrosch\u00fcre \u201eInformationen f\u00fcr S\u00f6gel und Umgebung\u201c, kurz IfS genannt, ein herzliches Anliegen, Ihnen, liebe Leserinnen und Leser, Danke zu sagen f\u00fcr Ihre Treue, Ihre konstruktiv kritische Begleitung und Ihre vielz\u00e4hligen, hilfreichen Anregungen bei der Erstellung des Heftes. Ihre anerkennenden Worte sind f\u00fcr alle ehrenamtlich damit besch\u00e4ftigten hoher Ansporn und Herausforderung zugleich, die Gestaltung des Heftes weiter zu entwickeln.<\/p>\n<p>Dank gilt auch unseren Werbepartnern und den Gemeinden im Verbreitungsgebiet f\u00fcr deren finanzielle Unterst\u00fctzung, ohne die eine kostenlose Verteilung an alle Haushalte nicht denkbar w\u00e4re.<\/p>\n<p>Ganz besonderen Dank und Anerkennung sagen wir den Angeh\u00f6rigen unseres Redaktions- Teams einschlie\u00dflich der Jugendredaktion, die meist bei der W\u00fcrdigung ihres herausragenden Engagements zu kurz kommen, weil sie selbst es sind, die die Dankesworte formulieren und im Heft platzieren.<\/p>\n<p>Jeden Monat aufs Neue gelingt es ihnen, ein informatives und attraktives Heft zusammenzu -stellen, das von den B\u00fcrgerinnen und B\u00fcrgern mit Freude erwartet wird.<\/p>\n<p>&nbsp;<\/p>\n<p>Im neuen Jahr 2013 stehen tief greifende \u00c4nderungen ins Haus.<\/p>\n<p>Die Erweiterung des Verbreitungsgebietes auf alle Orte der Samtgemeinde ist eingeleitet.<\/p>\n<p>Wir vom FORUM S\u00f6gel als Herausgeber des Heftes stellen uns gerne dieser Aufgabe, weil wir uns von dem dann wachsenden Informationsspektrum einen Gewinn f\u00fcr die Region versprechen.<\/p>\n<p>Auch eine ma\u00dfgebliche personelle Ver\u00e4nderung wird das neue Jahr mit sich bringen.<\/p>\n<p>So wird Klaus Sch\u00e4ffner als langj\u00e4hriges, f\u00fcr die IfS verantwortliches Vorstandsmitglied und Leiter des Redaktions- Teams\u00a0 seine \u00c4mter abgeben.<\/p>\n<p>Die W\u00fcrdigung der Arbeit und der Leistungen des Ausscheidenden soll in einer sp\u00e4teren Ausgabe des Heftes Platz finden.<\/p>\n<p>&nbsp;<\/p>\n<p>Sie, liebe Leserinnen und Leser, d\u00fcrfen auch in 2013 gewiss sein, dass Herausgeber und Redaktions-Team alles daran setzen werden, Ihren Informationsbedarf und Ihre Informations-<\/p>\n<p>w\u00fcnsche bestm\u00f6glich zu erf\u00fcllen.<\/p>\n<p>&nbsp;<\/p>\n<p>&nbsp;<\/p>\n<p>Im Namen des Vorstands des FORUM S\u00f6gel e.V.<\/p>\n<p>gr\u00fc\u00dft Sie herzlich und w\u00fcnscht ein gl\u00fcckliches Neues Jahr<\/p>\n<p>Bernd Eggert<\/p>\n<p>Vorsitzender<\/p>\n","protected":false},"excerpt":{"rendered":"Nicht nur zum Ende des alten Jahres, sondern auch zu Beginn des neuen ist es uns\u00a0 vom Vorstand des FORUM S\u00f6gel e.V. als Herausgeber unserer Monatsbrosch\u00fcre \u201eInformationen f\u00fcr S\u00f6gel und Umgebung\u201c, kurz IfS genannt, ein herzliches Anliegen, Ihnen, liebe Leserinnen und Leser, Danke zu sagen f\u00fcr Ihre Treue, Ihre konstruktiv kritische Begleitung und Ihre vielz\u00e4hligen, [&hellip;]\n","protected":false},"author":2,"featured_media":0,"comment_status":"closed","ping_status":"closed","sticky":false,"template":"","format":"standard","meta":{"ngg_post_thumbnail":0,"footnotes":""},"categories":[5],"tags":[],"class_list":["post-9722","post","type-post","status-publish","format-standard","hentry","category-was-machen-die-vereine"],"_links":{"self":[{"href":"https:\/\/www.forum-soegel.de\/information\/wp-json\/wp\/v2\/posts\/9722","targetHints":{"allow":["GET"]}}],"collection":[{"href":"https:\/\/www.forum-soegel.de\/information\/wp-json\/wp\/v2\/posts"}],"about":[{"href":"https:\/\/www.forum-soegel.de\/information\/wp-json\/wp\/v2\/types\/post"}],"author":[{"embeddable":true,"href":"https:\/\/www.forum-soegel.de\/information\/wp-json\/wp\/v2\/users\/2"}],"replies":[{"embeddable":true,"href":"https:\/\/www.forum-soegel.de\/information\/wp-json\/wp\/v2\/comments?post=9722"}],"version-history":[{"count":1,"href":"https:\/\/www.forum-soegel.de\/information\/wp-json\/wp\/v2\/posts\/9722\/revisions"}],"predecessor-version":[{"id":9723,"href":"https:\/\/www.forum-soegel.de\/information\/wp-json\/wp\/v2\/posts\/9722\/revisions\/9723"}],"wp:attachment":[{"href":"https:\/\/www.forum-soegel.de\/information\/wp-json\/wp\/v2\/media?parent=9722"}],"wp:term":[{"taxonomy":"category","embeddable":true,"href":"https:\/\/www.forum-soegel.de\/information\/wp-json\/wp\/v2\/categories?post=9722"},{"taxonomy":"post_tag","embeddable":true,"href":"https:\/\/www.forum-soegel.de\/information\/wp-json\/wp\/v2\/tags?post=9722"}],"curies":[{"name":"wp","href":"https:\/\/api.w.org\/{rel}","templated":true}]}}