{"id":9718,"date":"2013-01-01T00:50:29","date_gmt":"2012-12-31T23:50:29","guid":{"rendered":"https:\/\/www.forum-soegel.de\/information\/?p=9718"},"modified":"2012-12-30T19:58:18","modified_gmt":"2012-12-30T18:58:18","slug":"breakfast-in-america-tour-2013-in-frankfurt-munchen-und-%e2%80%a6-sogel","status":"publish","type":"post","link":"https:\/\/www.forum-soegel.de\/information\/2013\/01\/breakfast-in-america-tour-2013-in-frankfurt-munchen-und-%e2%80%a6-sogel\/","title":{"rendered":"Breakfast in America Tour 2013 in  Frankfurt, M\u00fcnchen und \u2026 S\u00f6gel"},"content":{"rendered":"<p><strong>SUPERTRAMP-Frontmann Rodger Hodgson mit Band im Sommer 2013 auf dem Ludmillenhof\u00a0<\/strong><\/p>\n<p><a href=\"https:\/\/www.forum-soegel.de\/information\/wp-content\/uploads\/2013\/01\/Roger-Guitar-Blue-background-Promo-RS-F-Kopie.jpg\"><img loading=\"lazy\" decoding=\"async\" class=\"alignleft size-medium wp-image-9906\" title=\"Roger Guitar Blue background Promo RS F - Kopie\" src=\"https:\/\/www.forum-soegel.de\/information\/wp-content\/uploads\/2013\/01\/Roger-Guitar-Blue-background-Promo-RS-F-Kopie-300x214.jpg\" alt=\"\" width=\"300\" height=\"214\" srcset=\"https:\/\/www.forum-soegel.de\/information\/wp-content\/uploads\/2013\/01\/Roger-Guitar-Blue-background-Promo-RS-F-Kopie-300x214.jpg 300w, https:\/\/www.forum-soegel.de\/information\/wp-content\/uploads\/2013\/01\/Roger-Guitar-Blue-background-Promo-RS-F-Kopie.jpg 1024w\" sizes=\"auto, (max-width: 300px) 100vw, 300px\" \/><\/a>S\u00f6gel &#8211;\u00a0Die S\u00f6gel Marketing GmbH hat den Vertrag f\u00fcr ein gro\u00dfes Event auf dem Ludmillenhof im Sommer 2013 unter Dach und Fach. Mit Roger Hodgson, Gr\u00fcnder und legend\u00e4re Stimme von Supertramp, ist einer der wohl erfolgreichsten internationalen Musiker f\u00fcr S\u00f6gel verpflichtet worden. Die Europa-Tournee f\u00fchrt die Band am 30. August nach S\u00f6gel und Paris oder umgekehrt.<\/p>\n<p>Nach den Auftritten von Udo J\u00fcrgens in 2010 und Adoro im Jahr 2011 d\u00fcrfte der gemeindeeigenen Marketinggesellschaft damit ein neuer Coup gelungen sein. Bisher ist neben M\u00fcnchen und Frankfurt\/Main nur S\u00f6gel als bundesdeutscher Veranstalter f\u00fcr die Breakfast in America Tour 2013 best\u00e4tigt. \u201eWir haben viel Gl\u00fcck&#8220;, sagte G\u00fcnter Wigbers als Gesch\u00e4ftsf\u00fchrer der S\u00f6gel Marketing GmbH, wo am gestrigen sp\u00e4ten Vormittag die Best\u00e4tigung per Email aus Los Angeles eingegangen war.<\/p>\n<p>&nbsp;<\/p>\n<p>Jetzt k\u00f6nnten sich die Emsl\u00e4nder freuen auf unvergessene Songs wie: \u201eGive a Little Bit,\u201c \u201eDreamer,\u201c \u201eIt\u2019s Raining Again,\u201c \u201eTake the Long Way Home,\u201c \u201eSchool\u201c, \u201eThe Logical Song,\u201c \u201eBreakfast in America,\u201c \u201eFool\u2019s Overture\u201c und so viele mehr, die zum \u201aSoundtrack\u2019\u00a0ganzer Generationen geworden seien. Roger Hodgson sei zweifelsfrei als einer der talentiertesten Komponisten, Songschreiber und Texter anerkannt. Er sei die legend\u00e4re Stimme der gr\u00f6\u00dften Hits von Supertramp mit weltweit mehr 60 Millionen verkauften Tontr\u00e4gern. W\u00e4hrend Roger Hodgson\u00a0in Frankfurt\/Main im Duo mit Saxophonist und Keyboarder Aaron MacDonald seine Hits pr\u00e4sentiert, gastiert er auf dem Ludmillenhof mit kompletter Band auf der gr\u00f6\u00dften B\u00fchne, die je in S\u00f6gel gestanden hat.\u00a0\u201eWir werden alles daran setzen, mit Roger Hodgson vielen Besuchern\u00a0einen unvergesslichen Abend in S\u00f6gel zu bereiten.&#8220; \u00a0Mit dem Supertramp-Original Hodgson sei man auch dem Ziel, ein Angebot f\u00fcr ein j\u00fcngeres Publikum zu machen, einen Schritt n\u00e4her gekommen.<\/p>\n<p>&nbsp;<\/p>\n<p>Der Zeitpunkt, zu dem die finalen Verhandlungen mit Semmel Concerts in Bayreuth und dem Hodgson-Management in Los Angeles abgeschlossen wurden, \u00a0konnte f\u00fcr Ingrid Cloppenburg \u201enicht besser sein\u201c. Sie ist zust\u00e4ndig f\u00fcr Organisation und Durchf\u00fchrung der S\u00f6geler Gro\u00dfveranstaltung. \u201eWir haben jetzt ein richtig tolles Weihnachtsgeschenk im Angebot und ein Event, auf das sich viele lange freuen k\u00f6nnen.&#8220; \u00a0Cloppenburg kalkuliert vorsichtig mit 3.500 Besuchern, glaubt aber daran, deutlich mehr Fans f\u00fcr das Event zu begeistern. Die Supertramp-Hits sind legend\u00e4r, und Roger Hodgson\u00a0schafft\u00a0es mit seiner Band auf den bisherigen Welttourneen, unz\u00e4hlige Menschen zu ber\u00fchren. Die Besucher d\u00fcrften sich freuen \u201eauf einen in Scheinwerferlicht eingetauchten Ludmillenhof, wo bei toller Akustik f\u00fcr tausende Menschen ein Konzert lang die Welt still steht.&#8220;<br \/>\nBezahlbar jedenfalls ist das als magisch prognostizierte Event. F\u00fcr 39 oder 54 Euro plus VVK-Geb\u00fchr sind Eintrittskarten in zwei Kategorien zu haben. Der Kartenvorverkauf startet am Mittwoch im Internet bei &#8222;<a href=\"https:\/\/nordwest-ticket.de\/\">Nordwest-Ticket.de<\/a>&#8220; und &#8222;<a href=\"https:\/\/eventim.de\/\">eventim.de<\/a>&#8222;, in allen emsl\u00e4ndischen Gesch\u00e4ftsstellen der NOZ\u00a0und nat\u00fcrlich im S\u00f6geler Rathaus. Inhaber der Kundenkarte der NOZ erhalten in den Gesch\u00e4ftsstellen eine Erm\u00e4\u00dfigung von 2 Euro auf den Eintrittspreis.<\/p>\n<p>Text\/Foto: Gemeinde<\/p>\n<div id=\"attachment_9719\" style=\"width: 310px\" class=\"wp-caption alignnone\"><a href=\"https:\/\/www.forum-soegel.de\/information\/wp-content\/uploads\/2012\/12\/Roger-Hodgson-Band.jpg\"><img loading=\"lazy\" decoding=\"async\" aria-describedby=\"caption-attachment-9719\" class=\"size-medium wp-image-9719\" title=\"Roger Hodgson-Band\" src=\"https:\/\/www.forum-soegel.de\/information\/wp-content\/uploads\/2012\/12\/Roger-Hodgson-Band-300x240.jpg\" alt=\"\" width=\"300\" height=\"240\" srcset=\"https:\/\/www.forum-soegel.de\/information\/wp-content\/uploads\/2012\/12\/Roger-Hodgson-Band-300x240.jpg 300w, https:\/\/www.forum-soegel.de\/information\/wp-content\/uploads\/2012\/12\/Roger-Hodgson-Band.jpg 960w\" sizes=\"auto, (max-width: 300px) 100vw, 300px\" \/><\/a><p id=\"caption-attachment-9719\" class=\"wp-caption-text\">Die Breakfast in America-Tour mit SUPERTRAMP-Frontmann Roger Hudgson und Band gastiert im Sommer 2013 auf dem S\u00f6geler Ludmillenhof.<\/p><\/div>\n","protected":false},"excerpt":{"rendered":"SUPERTRAMP-Frontmann Rodger Hodgson mit Band im Sommer 2013 auf dem Ludmillenhof\u00a0 S\u00f6gel &#8211;\u00a0Die S\u00f6gel Marketing GmbH hat den Vertrag f\u00fcr ein gro\u00dfes Event auf dem Ludmillenhof im Sommer 2013 unter Dach und Fach. Mit Roger Hodgson, Gr\u00fcnder und legend\u00e4re Stimme von Supertramp, ist einer der wohl erfolgreichsten internationalen Musiker f\u00fcr S\u00f6gel verpflichtet worden. Die Europa-Tournee [&hellip;]\n","protected":false},"author":2,"featured_media":0,"comment_status":"closed","ping_status":"closed","sticky":false,"template":"","format":"standard","meta":{"ngg_post_thumbnail":0,"footnotes":""},"categories":[3],"tags":[],"class_list":["post-9718","post","type-post","status-publish","format-standard","hentry","category-aktuelles-aus-der-region"],"_links":{"self":[{"href":"https:\/\/www.forum-soegel.de\/information\/wp-json\/wp\/v2\/posts\/9718","targetHints":{"allow":["GET"]}}],"collection":[{"href":"https:\/\/www.forum-soegel.de\/information\/wp-json\/wp\/v2\/posts"}],"about":[{"href":"https:\/\/www.forum-soegel.de\/information\/wp-json\/wp\/v2\/types\/post"}],"author":[{"embeddable":true,"href":"https:\/\/www.forum-soegel.de\/information\/wp-json\/wp\/v2\/users\/2"}],"replies":[{"embeddable":true,"href":"https:\/\/www.forum-soegel.de\/information\/wp-json\/wp\/v2\/comments?post=9718"}],"version-history":[{"count":5,"href":"https:\/\/www.forum-soegel.de\/information\/wp-json\/wp\/v2\/posts\/9718\/revisions"}],"predecessor-version":[{"id":9905,"href":"https:\/\/www.forum-soegel.de\/information\/wp-json\/wp\/v2\/posts\/9718\/revisions\/9905"}],"wp:attachment":[{"href":"https:\/\/www.forum-soegel.de\/information\/wp-json\/wp\/v2\/media?parent=9718"}],"wp:term":[{"taxonomy":"category","embeddable":true,"href":"https:\/\/www.forum-soegel.de\/information\/wp-json\/wp\/v2\/categories?post=9718"},{"taxonomy":"post_tag","embeddable":true,"href":"https:\/\/www.forum-soegel.de\/information\/wp-json\/wp\/v2\/tags?post=9718"}],"curies":[{"name":"wp","href":"https:\/\/api.w.org\/{rel}","templated":true}]}}