{"id":9709,"date":"2013-01-01T00:42:20","date_gmt":"2012-12-31T23:42:20","guid":{"rendered":"https:\/\/www.forum-soegel.de\/information\/?p=9709"},"modified":"2012-12-26T19:18:16","modified_gmt":"2012-12-26T18:18:16","slug":"das-emsland-als-modellregion-%e2%80%9egesundheit%e2%80%9c","status":"publish","type":"post","link":"https:\/\/www.forum-soegel.de\/information\/2013\/01\/das-emsland-als-modellregion-%e2%80%9egesundheit%e2%80%9c\/","title":{"rendered":"Das Emsland als Modellregion \u201eGesundheit\u201c"},"content":{"rendered":"<p><strong>\u00c4rztenachwuchs soll f\u00fcr die Region gewonnen werden<\/strong><\/p>\n<p>Im Sch\u00fcckingsaal der Gemeinde S\u00f6gel fand ein Treffen zum Thema \u201eDas Emsland als Modellregion Gesundheit\u201c statt. Daran nahmen \u00a0Mark Barjenbruch, Vorstandsvorsitzender der Kassen\u00e4rztlichen Vereinigung Niedersachsen, und Erich Penon als\u00a0 Gesch\u00e4ftsf\u00fchrer der Kassen\u00e4rztlichen Vereinigung (KVN), Bezirksstelle Aurich, Landrat Reinhard Winter, B\u00fcrgermeisterin Irmgard Welling, Samtgemeindeb\u00fcrgermeister G\u00fcnter Wigbers und\u00a0 Erster Samtgemeinderat Hans Nowak teil.<\/p>\n<p>Nach Angaben von Samtgemeindeb\u00fcrgermeister G\u00fcnter Wigbers sind derzeit zw\u00f6lf Allgemeinmediziner in der Samtgemeinde (SG) in freiberuflichen Praxen t\u00e4tig, davon werden f\u00fcnf in absehbarer Zeit\u00a0 aus Altersgr\u00fcnden ausscheiden. Es seien somit zu viele Patienten f\u00fcr zu wenige \u00c4rzte in der Samtgemeinde vorhanden<\/p>\n<p>Aufgrund des zu erwartetenden \u00c4rztemangels wurde ein D\u00fcsseldorfer Privatunternehmen mit der Rekrutierung von Fachkr\u00e4ften aus dem medizinischen Bereich beauftragt. Es soll jungen \u00c4rzten die Verdienstm\u00f6glichkeiten sowie die Rahmenbedingungen des Projekts n\u00e4herbringen. \u00a0Wie weiter mitgeteilt wurde, ist es seit dem 1.1.2012 m\u00f6glich, dass die KVN oder Kommunen den wirtschaftlichen Betrieb einer Arztpraxis f\u00fchren k\u00f6nnen. Die SG S\u00f6gel sei anerkannt f\u00fcr das \u00a0Modellprojekt.<\/p>\n<p>Den Medizinern w\u00fcrden wie Lehrkr\u00e4ften sehr g\u00fcnstige Wohnungsbaudarlehen gew\u00e4hrt, davon h\u00e4tten bislang ein Allgemeinmediziner sowie drei Fach\u00e4rzte Gebrauch gemacht. Damit erfolge, so Wigbers, die Verwurzelung der \u00c4rzteschaft \u00fcber die Immobilie mit der Region. Im Areal am Amtsbrunnen werde ein Gesch\u00e4ftshaus entstehen, in dem sowohl eine physiotherapeutische Praxis als auch zwei Arztpraxen untergebracht werden.\u00a0 Das Modell sieht nach Angaben von Mark Barjenbruch vor, die Arztpraxis voll einzurichten sowie s\u00e4mtliches Personal bereitzustellen, so dass sich der jeweilige Arzt \u201eins gemachte Bett legen kann\u201c. Der\u00a0 &#8222;Jungarzt&#8220; k\u00f6nne seine T\u00e4tigkeit aufnehmen, ohne finanziell in Vorleistung gehen zu m\u00fcssen und trage keinerlei wirtschaftliches Risiko wie bei einer \u00dcbernahme einer Privatpraxis.<\/p>\n<p>Es werden sowohl volle Stellen als auch Teilzeiteinstellungen m\u00f6glich sein. Dies soll auch den weiblichen Akademikern die M\u00f6glichkeit der Teilzeitbesch\u00e4ftigung bieten (Vereinbarkeit von Beruf und Familie !).<\/p>\n<p>Landrat Reinhard Winter sagte, die SG S\u00f6gel als westlicher Teil des Landkreises sei sp\u00e4ter vom demografischen Wandel betroffen als andere Regionen. Man habe einen idealen Zeitpunkt gefunden, um das Projekt zu realisieren. \u00a0Erich Penon betonte, dass alle \u00a0befragten \u00c4rzte dankbar seien \u00a0f\u00fcr die Initiative und sich davon eine Entlastung ihrer Praxen versprechen.<\/p>\n<p><a href=\"https:\/\/www.forum-soegel.de\/information\/wp-content\/uploads\/2013\/01\/KVN_Pressekonferenz1.jpg\"><img loading=\"lazy\" decoding=\"async\" class=\"alignnone size-thumbnail wp-image-9712\" title=\"KVN_Pressekonferenz1\" src=\"https:\/\/www.forum-soegel.de\/information\/wp-content\/uploads\/2013\/01\/KVN_Pressekonferenz1-150x150.jpg\" alt=\"\" width=\"150\" height=\"150\" \/><\/a>\u00a0\u00a0<a href=\"https:\/\/www.forum-soegel.de\/information\/wp-content\/uploads\/2013\/01\/KVN_Pressekonferenz2.jpg\"><img loading=\"lazy\" decoding=\"async\" class=\"alignnone size-thumbnail wp-image-9713\" title=\"KVN_Pressekonferenz2\" src=\"https:\/\/www.forum-soegel.de\/information\/wp-content\/uploads\/2013\/01\/KVN_Pressekonferenz2-150x150.jpg\" alt=\"\" width=\"150\" height=\"150\" \/><\/a>\u00a0\u00a0<a href=\"https:\/\/www.forum-soegel.de\/information\/wp-content\/uploads\/2013\/01\/KVN_Pressekonferenz3.jpg\"><img loading=\"lazy\" decoding=\"async\" class=\"alignnone size-thumbnail wp-image-9714\" title=\"KVN_Pressekonferenz3\" src=\"https:\/\/www.forum-soegel.de\/information\/wp-content\/uploads\/2013\/01\/KVN_Pressekonferenz3-150x150.jpg\" alt=\"\" width=\"150\" height=\"150\" \/><\/a><\/p>\n<p><a href=\"https:\/\/www.forum-soegel.de\/information\/wp-content\/uploads\/2013\/01\/KVN_Pressekonferenz4.jpg\"><img loading=\"lazy\" decoding=\"async\" class=\"alignnone size-thumbnail wp-image-9715\" title=\"KVN_Pressekonferenz4\" src=\"https:\/\/www.forum-soegel.de\/information\/wp-content\/uploads\/2013\/01\/KVN_Pressekonferenz4-150x150.jpg\" alt=\"\" width=\"150\" height=\"150\" \/><\/a>\u00a0\u00a0<a href=\"https:\/\/www.forum-soegel.de\/information\/wp-content\/uploads\/2013\/01\/KVN_Pressekonferenz5.jpg\"><img loading=\"lazy\" decoding=\"async\" class=\"alignnone size-thumbnail wp-image-9716\" title=\"KVN_Pressekonferenz5\" src=\"https:\/\/www.forum-soegel.de\/information\/wp-content\/uploads\/2013\/01\/KVN_Pressekonferenz5-150x150.jpg\" alt=\"\" width=\"150\" height=\"150\" \/><\/a><\/p>\n","protected":false},"excerpt":{"rendered":"\u00c4rztenachwuchs soll f\u00fcr die Region gewonnen werden Im Sch\u00fcckingsaal der Gemeinde S\u00f6gel fand ein Treffen zum Thema \u201eDas Emsland als Modellregion Gesundheit\u201c statt. Daran nahmen \u00a0Mark Barjenbruch, Vorstandsvorsitzender der Kassen\u00e4rztlichen Vereinigung Niedersachsen, und Erich Penon als\u00a0 Gesch\u00e4ftsf\u00fchrer der Kassen\u00e4rztlichen Vereinigung (KVN), Bezirksstelle Aurich, Landrat Reinhard Winter, B\u00fcrgermeisterin Irmgard Welling, Samtgemeindeb\u00fcrgermeister G\u00fcnter Wigbers und\u00a0 Erster Samtgemeinderat [&hellip;]\n","protected":false},"author":2,"featured_media":0,"comment_status":"closed","ping_status":"closed","sticky":false,"template":"","format":"standard","meta":{"ngg_post_thumbnail":0,"footnotes":""},"categories":[25],"tags":[],"class_list":["post-9709","post","type-post","status-publish","format-standard","hentry","category-hauptsache-gesund"],"_links":{"self":[{"href":"https:\/\/www.forum-soegel.de\/information\/wp-json\/wp\/v2\/posts\/9709","targetHints":{"allow":["GET"]}}],"collection":[{"href":"https:\/\/www.forum-soegel.de\/information\/wp-json\/wp\/v2\/posts"}],"about":[{"href":"https:\/\/www.forum-soegel.de\/information\/wp-json\/wp\/v2\/types\/post"}],"author":[{"embeddable":true,"href":"https:\/\/www.forum-soegel.de\/information\/wp-json\/wp\/v2\/users\/2"}],"replies":[{"embeddable":true,"href":"https:\/\/www.forum-soegel.de\/information\/wp-json\/wp\/v2\/comments?post=9709"}],"version-history":[{"count":4,"href":"https:\/\/www.forum-soegel.de\/information\/wp-json\/wp\/v2\/posts\/9709\/revisions"}],"predecessor-version":[{"id":9711,"href":"https:\/\/www.forum-soegel.de\/information\/wp-json\/wp\/v2\/posts\/9709\/revisions\/9711"}],"wp:attachment":[{"href":"https:\/\/www.forum-soegel.de\/information\/wp-json\/wp\/v2\/media?parent=9709"}],"wp:term":[{"taxonomy":"category","embeddable":true,"href":"https:\/\/www.forum-soegel.de\/information\/wp-json\/wp\/v2\/categories?post=9709"},{"taxonomy":"post_tag","embeddable":true,"href":"https:\/\/www.forum-soegel.de\/information\/wp-json\/wp\/v2\/tags?post=9709"}],"curies":[{"name":"wp","href":"https:\/\/api.w.org\/{rel}","templated":true}]}}