{"id":9450,"date":"2012-11-01T01:33:45","date_gmt":"2012-11-01T00:33:45","guid":{"rendered":"https:\/\/www.forum-soegel.de\/information\/?p=9450"},"modified":"2012-10-28T19:35:28","modified_gmt":"2012-10-28T18:35:28","slug":"c1-jugend-freut-sich-uber-neue-trikots","status":"publish","type":"post","link":"https:\/\/www.forum-soegel.de\/information\/2012\/11\/c1-jugend-freut-sich-uber-neue-trikots\/","title":{"rendered":"C1-Jugend freut sich \u00fcber neue Trikots"},"content":{"rendered":"<p>\u00dcber einen dringend ben\u00f6tigten Trikotsatz freuten sich Sigiltras C1-Fu\u00dfballer. Gesponsert wurde dieser vom F\u00f6rderverein Fu\u00dfball. Alfons Robben und Ludwig Wilmes (v.links) vom F\u00f6rderkreis \u00fcbergaben die Trikots an Mannschaft und Betreuer Ralf Blank und Tino Prelitschan (v.rechts), die sich sehr f\u00fcr die notwendige Anschaffung bedankten.<\/p>\n<p>&nbsp;<\/p>\n<p>Text\/Foto: Klaus V\u00f6lker<\/p>\n<p><a href=\"https:\/\/www.forum-soegel.de\/information\/wp-content\/uploads\/2012\/10\/1C-Jugend.jpg\"><img loading=\"lazy\" decoding=\"async\" class=\"alignnone size-medium wp-image-9451\" title=\"1C Jugend\" src=\"https:\/\/www.forum-soegel.de\/information\/wp-content\/uploads\/2012\/10\/1C-Jugend-300x199.jpg\" alt=\"\" width=\"300\" height=\"199\" srcset=\"https:\/\/www.forum-soegel.de\/information\/wp-content\/uploads\/2012\/10\/1C-Jugend-300x199.jpg 300w, https:\/\/www.forum-soegel.de\/information\/wp-content\/uploads\/2012\/10\/1C-Jugend.jpg 1024w\" sizes=\"auto, (max-width: 300px) 100vw, 300px\" \/><\/a><\/p>\n","protected":false},"excerpt":{"rendered":"\u00dcber einen dringend ben\u00f6tigten Trikotsatz freuten sich Sigiltras C1-Fu\u00dfballer. Gesponsert wurde dieser vom F\u00f6rderverein Fu\u00dfball. Alfons Robben und Ludwig Wilmes (v.links) vom F\u00f6rderkreis \u00fcbergaben die Trikots an Mannschaft und Betreuer Ralf Blank und Tino Prelitschan (v.rechts), die sich sehr f\u00fcr die notwendige Anschaffung bedankten. &nbsp; Text\/Foto: Klaus V\u00f6lker\n","protected":false},"author":2,"featured_media":0,"comment_status":"closed","ping_status":"closed","sticky":false,"template":"","format":"standard","meta":{"ngg_post_thumbnail":0,"footnotes":""},"categories":[5],"tags":[918,508],"class_list":["post-9450","post","type-post","status-publish","format-standard","hentry","category-was-machen-die-vereine","tag-forderverein-fusball","tag-sv-sigiltra-sogel"],"_links":{"self":[{"href":"https:\/\/www.forum-soegel.de\/information\/wp-json\/wp\/v2\/posts\/9450","targetHints":{"allow":["GET"]}}],"collection":[{"href":"https:\/\/www.forum-soegel.de\/information\/wp-json\/wp\/v2\/posts"}],"about":[{"href":"https:\/\/www.forum-soegel.de\/information\/wp-json\/wp\/v2\/types\/post"}],"author":[{"embeddable":true,"href":"https:\/\/www.forum-soegel.de\/information\/wp-json\/wp\/v2\/users\/2"}],"replies":[{"embeddable":true,"href":"https:\/\/www.forum-soegel.de\/information\/wp-json\/wp\/v2\/comments?post=9450"}],"version-history":[{"count":1,"href":"https:\/\/www.forum-soegel.de\/information\/wp-json\/wp\/v2\/posts\/9450\/revisions"}],"predecessor-version":[{"id":9453,"href":"https:\/\/www.forum-soegel.de\/information\/wp-json\/wp\/v2\/posts\/9450\/revisions\/9453"}],"wp:attachment":[{"href":"https:\/\/www.forum-soegel.de\/information\/wp-json\/wp\/v2\/media?parent=9450"}],"wp:term":[{"taxonomy":"category","embeddable":true,"href":"https:\/\/www.forum-soegel.de\/information\/wp-json\/wp\/v2\/categories?post=9450"},{"taxonomy":"post_tag","embeddable":true,"href":"https:\/\/www.forum-soegel.de\/information\/wp-json\/wp\/v2\/tags?post=9450"}],"curies":[{"name":"wp","href":"https:\/\/api.w.org\/{rel}","templated":true}]}}