{"id":9362,"date":"2012-11-01T00:52:55","date_gmt":"2012-10-31T23:52:55","guid":{"rendered":"https:\/\/www.forum-soegel.de\/information\/?p=9362"},"modified":"2012-10-28T17:55:33","modified_gmt":"2012-10-28T16:55:33","slug":"sicher-durch-die-dunkle-jahreszeit","status":"publish","type":"post","link":"https:\/\/www.forum-soegel.de\/information\/2012\/11\/sicher-durch-die-dunkle-jahreszeit\/","title":{"rendered":"Sicher durch die dunkle Jahreszeit"},"content":{"rendered":"<p>Die Bl\u00e4tter fallen von den B\u00e4umen, graue Nebel ziehen durch die Stra\u00dfen, und die Sonne zeigt sich erst sp\u00e4t am Tag. Der Herbst hat begonnen und damit die dunkle Zeit des Jahres, auch f\u00fcr die kleinsten Teilnehmer im Stra\u00dfenverkehr.<\/p>\n<p>Um den Kindern dabei ein bisschen mehr an Sicherheit zu geben, hat die <strong>Raiffeisenbank Emsland-Mitte eG <\/strong>nicht nur die Kinderg\u00e4rten in S\u00f6gel, sondern ebenso in den umliegenden Gemeinden Ber\u00dfen, Spahnharrenst\u00e4tte, Lahn, Werpeloh und Stavern mit reflektierenden Sicherheitskragen ausgestattet.<\/p>\n<p>Die Raiffeisenbank Emsland-Mitte eG bedankt sich f\u00fcr den herzlichen Empfang in den Kinderg\u00e4rten und hofft, mit diesem kleinen Beitrag zu mehr Sicherheit im Stra\u00dfenverkehr beigetragen zu haben.<\/p>\n<p>Unsere Bilder zeigen die Kinder aus dem Kindergarten Arche Noah und dem Kindergarten St. Jakobus in S\u00f6gel.<\/p>\n<p>Text\/Foto: Ansgar Heskamp<\/p>\n<p><a href=\"https:\/\/www.forum-soegel.de\/information\/wp-content\/uploads\/2012\/10\/Warnweste.jpg\"><img loading=\"lazy\" decoding=\"async\" class=\"alignnone size-thumbnail wp-image-9363\" title=\"Warnweste\" src=\"https:\/\/www.forum-soegel.de\/information\/wp-content\/uploads\/2012\/10\/Warnweste-150x150.jpg\" alt=\"\" width=\"150\" height=\"150\" \/><\/a>\u00a0\u00a0<a href=\"https:\/\/www.forum-soegel.de\/information\/wp-content\/uploads\/2012\/10\/Warnwesten2.jpg\"><img loading=\"lazy\" decoding=\"async\" class=\"alignnone size-thumbnail wp-image-9364\" title=\"Warnwesten2\" src=\"https:\/\/www.forum-soegel.de\/information\/wp-content\/uploads\/2012\/10\/Warnwesten2-150x150.jpg\" alt=\"\" width=\"150\" height=\"150\" \/><\/a>\u00a0\u00a0<a href=\"https:\/\/www.forum-soegel.de\/information\/wp-content\/uploads\/2012\/10\/Warnwetsen1.jpg\"><img loading=\"lazy\" decoding=\"async\" class=\"alignnone size-thumbnail wp-image-9365\" title=\"Warnwetsen1\" src=\"https:\/\/www.forum-soegel.de\/information\/wp-content\/uploads\/2012\/10\/Warnwetsen1-150x150.jpg\" alt=\"\" width=\"150\" height=\"150\" \/><\/a><\/p>\n","protected":false},"excerpt":{"rendered":"Die Bl\u00e4tter fallen von den B\u00e4umen, graue Nebel ziehen durch die Stra\u00dfen, und die Sonne zeigt sich erst sp\u00e4t am Tag. Der Herbst hat begonnen und damit die dunkle Zeit des Jahres, auch f\u00fcr die kleinsten Teilnehmer im Stra\u00dfenverkehr. Um den Kindern dabei ein bisschen mehr an Sicherheit zu geben, hat die Raiffeisenbank Emsland-Mitte eG [&hellip;]\n","protected":false},"author":2,"featured_media":0,"comment_status":"closed","ping_status":"closed","sticky":false,"template":"","format":"standard","meta":{"ngg_post_thumbnail":0,"footnotes":""},"categories":[4],"tags":[85,695],"class_list":["post-9362","post","type-post","status-publish","format-standard","hentry","category-aus-der-geschaftswelt","tag-arche-noah","tag-raiffeisenbank-emsland-mitte"],"_links":{"self":[{"href":"https:\/\/www.forum-soegel.de\/information\/wp-json\/wp\/v2\/posts\/9362","targetHints":{"allow":["GET"]}}],"collection":[{"href":"https:\/\/www.forum-soegel.de\/information\/wp-json\/wp\/v2\/posts"}],"about":[{"href":"https:\/\/www.forum-soegel.de\/information\/wp-json\/wp\/v2\/types\/post"}],"author":[{"embeddable":true,"href":"https:\/\/www.forum-soegel.de\/information\/wp-json\/wp\/v2\/users\/2"}],"replies":[{"embeddable":true,"href":"https:\/\/www.forum-soegel.de\/information\/wp-json\/wp\/v2\/comments?post=9362"}],"version-history":[{"count":1,"href":"https:\/\/www.forum-soegel.de\/information\/wp-json\/wp\/v2\/posts\/9362\/revisions"}],"predecessor-version":[{"id":9366,"href":"https:\/\/www.forum-soegel.de\/information\/wp-json\/wp\/v2\/posts\/9362\/revisions\/9366"}],"wp:attachment":[{"href":"https:\/\/www.forum-soegel.de\/information\/wp-json\/wp\/v2\/media?parent=9362"}],"wp:term":[{"taxonomy":"category","embeddable":true,"href":"https:\/\/www.forum-soegel.de\/information\/wp-json\/wp\/v2\/categories?post=9362"},{"taxonomy":"post_tag","embeddable":true,"href":"https:\/\/www.forum-soegel.de\/information\/wp-json\/wp\/v2\/tags?post=9362"}],"curies":[{"name":"wp","href":"https:\/\/api.w.org\/{rel}","templated":true}]}}