{"id":936,"date":"2010-03-11T20:00:54","date_gmt":"2010-03-11T18:00:54","guid":{"rendered":"https:\/\/www.forum-soegel.de\/information\/?p=936"},"modified":"2010-03-30T09:50:39","modified_gmt":"2010-03-30T07:50:39","slug":"zweite-trainer-kurzschulung","status":"publish","type":"post","link":"https:\/\/www.forum-soegel.de\/information\/2010\/03\/zweite-trainer-kurzschulung\/","title":{"rendered":"Zweite Trainer-Kurzschulung"},"content":{"rendered":"<p>Nachdem im Oktober 2009 die 1. Trainer-Kurzschulung auf dem Sportplatz in Spahnharrenst\u00e4tte mit Jugendtrainern aus Bockhorst, Lorup, Werpeloh und Spahnharrenst\u00e4tte stattgefunden hatte, wurde im Januar 2010 die 2. Trainer-Kurzschulung in der Sporthalle Spahnharrenst\u00e4tte durchgef\u00fchrt.<\/p>\n<p>Ansgar Lammers aus Lorup f\u00fchrte diese 3-st\u00fcndige Schulung durch, die aus einem praktischen Training f\u00fcr die Jugendtrainer bestand. Die 1. Kurzschulung im letzten Jahr bestand aus einem F-Jugend-Training, einem praktischen und einem theoretischen Teil\u00a0 f\u00fcr die Betreuer.\u00a0 Alle Trainer waren begeistert vom Inhalt der Schulung und nahmen viele Tipps und Tricks mit f\u00fcr das Training ihrer Jugendmannschaften.<\/p>\n<p>Weitere Termine f\u00fcr diese zwei Kurzschulungen sind auf der Internetseite vom NFV (www.nfv.de) zu finden.<\/p>\n<p><a href=\"https:\/\/www.forum-soegel.de\/information\/wp-content\/uploads\/2010\/03\/Trainerkurzschulung.jpg\"><img loading=\"lazy\" decoding=\"async\" class=\"alignnone size-medium wp-image-937\" title=\"Trainerkurzschulung\" src=\"https:\/\/www.forum-soegel.de\/information\/wp-content\/uploads\/2010\/03\/Trainerkurzschulung-300x225.jpg\" alt=\"\" width=\"300\" height=\"225\" srcset=\"https:\/\/www.forum-soegel.de\/information\/wp-content\/uploads\/2010\/03\/Trainerkurzschulung-300x225.jpg 300w, https:\/\/www.forum-soegel.de\/information\/wp-content\/uploads\/2010\/03\/Trainerkurzschulung.jpg 1024w\" sizes=\"auto, (max-width: 300px) 100vw, 300px\" \/><\/a><\/p>\n<p>Text\/Foto: Hans-J\u00fcrgen Meyer Spahnharrenstaetter Vereine<\/p>\n","protected":false},"excerpt":{"rendered":"Nachdem im Oktober 2009 die 1. Trainer-Kurzschulung auf dem Sportplatz in Spahnharrenst\u00e4tte mit Jugendtrainern aus Bockhorst, Lorup, Werpeloh und Spahnharrenst\u00e4tte stattgefunden hatte, wurde im Januar 2010 die 2. Trainer-Kurzschulung in der Sporthalle Spahnharrenst\u00e4tte durchgef\u00fchrt. Ansgar Lammers aus Lorup f\u00fchrte diese 3-st\u00fcndige Schulung durch, die aus einem praktischen Training f\u00fcr die Jugendtrainer bestand. Die 1. Kurzschulung [&hellip;]\n","protected":false},"author":2,"featured_media":0,"comment_status":"closed","ping_status":"closed","sticky":false,"template":"","format":"standard","meta":{"ngg_post_thumbnail":0,"footnotes":""},"categories":[5],"tags":[187],"class_list":["post-936","post","type-post","status-publish","format-standard","hentry","category-was-machen-die-vereine","tag-trainer"],"_links":{"self":[{"href":"https:\/\/www.forum-soegel.de\/information\/wp-json\/wp\/v2\/posts\/936","targetHints":{"allow":["GET"]}}],"collection":[{"href":"https:\/\/www.forum-soegel.de\/information\/wp-json\/wp\/v2\/posts"}],"about":[{"href":"https:\/\/www.forum-soegel.de\/information\/wp-json\/wp\/v2\/types\/post"}],"author":[{"embeddable":true,"href":"https:\/\/www.forum-soegel.de\/information\/wp-json\/wp\/v2\/users\/2"}],"replies":[{"embeddable":true,"href":"https:\/\/www.forum-soegel.de\/information\/wp-json\/wp\/v2\/comments?post=936"}],"version-history":[{"count":2,"href":"https:\/\/www.forum-soegel.de\/information\/wp-json\/wp\/v2\/posts\/936\/revisions"}],"predecessor-version":[{"id":1253,"href":"https:\/\/www.forum-soegel.de\/information\/wp-json\/wp\/v2\/posts\/936\/revisions\/1253"}],"wp:attachment":[{"href":"https:\/\/www.forum-soegel.de\/information\/wp-json\/wp\/v2\/media?parent=936"}],"wp:term":[{"taxonomy":"category","embeddable":true,"href":"https:\/\/www.forum-soegel.de\/information\/wp-json\/wp\/v2\/categories?post=936"},{"taxonomy":"post_tag","embeddable":true,"href":"https:\/\/www.forum-soegel.de\/information\/wp-json\/wp\/v2\/tags?post=936"}],"curies":[{"name":"wp","href":"https:\/\/api.w.org\/{rel}","templated":true}]}}