{"id":925,"date":"2010-01-11T19:37:31","date_gmt":"2010-01-11T17:37:31","guid":{"rendered":"https:\/\/www.forum-soegel.de\/information\/?p=925"},"modified":"2010-03-11T19:46:09","modified_gmt":"2010-03-11T17:46:09","slug":"ausstellung-der-kunstschule-%e2%80%9etricolor%e2%80%9c-in-der-raiffeisenbank-emsland-mitte-eg-in-sogel","status":"publish","type":"post","link":"https:\/\/www.forum-soegel.de\/information\/2010\/01\/ausstellung-der-kunstschule-%e2%80%9etricolor%e2%80%9c-in-der-raiffeisenbank-emsland-mitte-eg-in-sogel\/","title":{"rendered":"Ausstellung der Kunstschule \u201eTricolor\u201c in der Raiffeisenbank Emsland-Mitte eG in S\u00f6gel"},"content":{"rendered":"<p>Die Kunstschule \u201eTricolor\u201c des Kunstkreises H\u00fcmmling stellt zur Zeit in den R\u00e4umender Raiffeisenbank Emsland-Mitte eG in S\u00f6gel sehenswerte Exponate mit dem Thema \u201eJugend malt\u201c aus. Zur Er\u00f6ffnung waren die kleinen 4-17-j\u00e4hrigen K\u00fcnstler mit ihren Eltern in die Raiffeisenbank gekommen. Die Ausstellungsleiterin, Frau Angelika Kupfer und der Gesch\u00e4ftsstellenleiter der Raiffeisenbank in S\u00f6gel, Josef Mescher, begr\u00fc\u00dften alle Anwesenden undbedankten sich besonders bei Anna Hammer und Robert Glanz, den Dozenten und Betreuern der jungen K\u00fcnstler. Wichtig sei gerade in der heutigen schnelllebigen Zeit das Besinnen auf die eigene Kreativit\u00e4t, so Frau Kupfer. Einen Eindruck \u00fcber die Aktivit\u00e4ten der Malschule vermittelt die Ausstellung in der Raiffeisenbank. Kinder, Jugendliche undErwachsene lernen unter Anleitung von fachkundigen Betreuern verschiedene Maltechniken. W\u00e4hrend der \u00d6ffnungszeiten der Raiffeisenbank k\u00f6nnen Sie die Roadshow \u201eBilder in Banken\u201c bewundern.<\/p>\n<p><a href=\"https:\/\/www.forum-soegel.de\/information\/wp-content\/uploads\/2010\/03\/Ausstellung01.jpg\"><img loading=\"lazy\" decoding=\"async\" class=\"alignnone size-thumbnail wp-image-926\" title=\"Ausstellung01\" src=\"https:\/\/www.forum-soegel.de\/information\/wp-content\/uploads\/2010\/03\/Ausstellung01-150x150.jpg\" alt=\"\" width=\"150\" height=\"150\" \/><\/a>\u00a0 <a href=\"https:\/\/www.forum-soegel.de\/information\/wp-content\/uploads\/2010\/03\/Ausstellung02.jpg\"><img loading=\"lazy\" decoding=\"async\" class=\"alignnone size-thumbnail wp-image-927\" title=\"Ausstellung02\" src=\"https:\/\/www.forum-soegel.de\/information\/wp-content\/uploads\/2010\/03\/Ausstellung02-150x150.jpg\" alt=\"\" width=\"150\" height=\"150\" \/><\/a><\/p>\n<p>Text\/Foto: Raiffeisenbank Emsland-Mitte eG<\/p>\n","protected":false},"excerpt":{"rendered":"Die Kunstschule \u201eTricolor\u201c des Kunstkreises H\u00fcmmling stellt zur Zeit in den R\u00e4umender Raiffeisenbank Emsland-Mitte eG in S\u00f6gel sehenswerte Exponate mit dem Thema \u201eJugend malt\u201c aus. Zur Er\u00f6ffnung waren die kleinen 4-17-j\u00e4hrigen K\u00fcnstler mit ihren Eltern in die Raiffeisenbank gekommen. Die Ausstellungsleiterin, Frau Angelika Kupfer und der Gesch\u00e4ftsstellenleiter der Raiffeisenbank in S\u00f6gel, Josef Mescher, begr\u00fc\u00dften alle [&hellip;]\n","protected":false},"author":2,"featured_media":0,"comment_status":"closed","ping_status":"closed","sticky":false,"template":"","format":"standard","meta":{"ngg_post_thumbnail":0,"footnotes":""},"categories":[6],"tags":[],"class_list":["post-925","post","type-post","status-publish","format-standard","hentry","category-aus-der-schule-geplaudert"],"_links":{"self":[{"href":"https:\/\/www.forum-soegel.de\/information\/wp-json\/wp\/v2\/posts\/925","targetHints":{"allow":["GET"]}}],"collection":[{"href":"https:\/\/www.forum-soegel.de\/information\/wp-json\/wp\/v2\/posts"}],"about":[{"href":"https:\/\/www.forum-soegel.de\/information\/wp-json\/wp\/v2\/types\/post"}],"author":[{"embeddable":true,"href":"https:\/\/www.forum-soegel.de\/information\/wp-json\/wp\/v2\/users\/2"}],"replies":[{"embeddable":true,"href":"https:\/\/www.forum-soegel.de\/information\/wp-json\/wp\/v2\/comments?post=925"}],"version-history":[{"count":4,"href":"https:\/\/www.forum-soegel.de\/information\/wp-json\/wp\/v2\/posts\/925\/revisions"}],"predecessor-version":[{"id":931,"href":"https:\/\/www.forum-soegel.de\/information\/wp-json\/wp\/v2\/posts\/925\/revisions\/931"}],"wp:attachment":[{"href":"https:\/\/www.forum-soegel.de\/information\/wp-json\/wp\/v2\/media?parent=925"}],"wp:term":[{"taxonomy":"category","embeddable":true,"href":"https:\/\/www.forum-soegel.de\/information\/wp-json\/wp\/v2\/categories?post=925"},{"taxonomy":"post_tag","embeddable":true,"href":"https:\/\/www.forum-soegel.de\/information\/wp-json\/wp\/v2\/tags?post=925"}],"curies":[{"name":"wp","href":"https:\/\/api.w.org\/{rel}","templated":true}]}}