{"id":906,"date":"2010-01-10T22:04:57","date_gmt":"2010-01-10T20:04:57","guid":{"rendered":"https:\/\/www.forum-soegel.de\/information\/?p=906"},"modified":"2010-04-07T20:17:48","modified_gmt":"2010-04-07T18:17:48","slug":"ratsel-2","status":"publish","type":"post","link":"https:\/\/www.forum-soegel.de\/information\/2010\/01\/ratsel-2\/","title":{"rendered":"R\u00e4tsel"},"content":{"rendered":"<p>Wie hei\u00dft der Bundeskanzler, der vor Gerhard Schr\u00f6der gew\u00e4hlt wurde?<\/p>\n<p>a) Helmut Kohlrabi<\/p>\n<p>b) Helmut Schmidt<\/p>\n<p>c) Helmut Kohl<\/p>\n<p>Viel Gl\u00fcck beim L\u00f6sen . Ich hoffe, dass ihr es l\u00f6sen k\u00f6nnt.<\/p>\n<p>Euer Stefan<\/p>\n","protected":false},"excerpt":{"rendered":"Wie hei\u00dft der Bundeskanzler, der vor Gerhard Schr\u00f6der gew\u00e4hlt wurde? a) Helmut Kohlrabi b) Helmut Schmidt c) Helmut Kohl Viel Gl\u00fcck beim L\u00f6sen . Ich hoffe, dass ihr es l\u00f6sen k\u00f6nnt. Euer Stefan\n","protected":false},"author":2,"featured_media":0,"comment_status":"closed","ping_status":"closed","sticky":false,"template":"","format":"standard","meta":{"ngg_post_thumbnail":0,"footnotes":""},"categories":[276],"tags":[151],"class_list":["post-906","post","type-post","status-publish","format-standard","hentry","category-jugend-schreibt","tag-ratsel"],"_links":{"self":[{"href":"https:\/\/www.forum-soegel.de\/information\/wp-json\/wp\/v2\/posts\/906","targetHints":{"allow":["GET"]}}],"collection":[{"href":"https:\/\/www.forum-soegel.de\/information\/wp-json\/wp\/v2\/posts"}],"about":[{"href":"https:\/\/www.forum-soegel.de\/information\/wp-json\/wp\/v2\/types\/post"}],"author":[{"embeddable":true,"href":"https:\/\/www.forum-soegel.de\/information\/wp-json\/wp\/v2\/users\/2"}],"replies":[{"embeddable":true,"href":"https:\/\/www.forum-soegel.de\/information\/wp-json\/wp\/v2\/comments?post=906"}],"version-history":[{"count":3,"href":"https:\/\/www.forum-soegel.de\/information\/wp-json\/wp\/v2\/posts\/906\/revisions"}],"predecessor-version":[{"id":1821,"href":"https:\/\/www.forum-soegel.de\/information\/wp-json\/wp\/v2\/posts\/906\/revisions\/1821"}],"wp:attachment":[{"href":"https:\/\/www.forum-soegel.de\/information\/wp-json\/wp\/v2\/media?parent=906"}],"wp:term":[{"taxonomy":"category","embeddable":true,"href":"https:\/\/www.forum-soegel.de\/information\/wp-json\/wp\/v2\/categories?post=906"},{"taxonomy":"post_tag","embeddable":true,"href":"https:\/\/www.forum-soegel.de\/information\/wp-json\/wp\/v2\/tags?post=906"}],"curies":[{"name":"wp","href":"https:\/\/api.w.org\/{rel}","templated":true}]}}