{"id":895,"date":"2010-01-10T22:01:27","date_gmt":"2010-01-10T20:01:27","guid":{"rendered":"https:\/\/www.forum-soegel.de\/information\/?p=895"},"modified":"2010-04-07T20:18:19","modified_gmt":"2010-04-07T18:18:19","slug":"grose-gewinner-in-der-kob-sogel-2","status":"publish","type":"post","link":"https:\/\/www.forum-soegel.de\/information\/2010\/01\/grose-gewinner-in-der-kob-sogel-2\/","title":{"rendered":"Gro\u00dfe Gewinner in der K\u00d6B S\u00f6gel"},"content":{"rendered":"<p>Eins kamen sie, eins gingen sie mit fr\u00f6hlichen Gesichtern. Thorben Finke (4 Jahre alt), Jannick Abeln (7 Jahre alt) und Simon Wind (12 Jahre alt) hatten das Gl\u00fcck beim Preisausschreiben in der Katholischen \u00d6ffentlichen B\u00fccherei (K\u00d6B) S\u00f6gel, am Tag der offenen T\u00fcr ein Quiz und B\u00fccher zum Thema Feuerwehr zu gewinnen. Sie finden diese Geschenke total cool und interessant, weil dort viele wissenswerte Sachen drinstehen. Warum geht ihr nicht mal zur B\u00fccherei, dann werdet ihr genauso schlau wie Thorben, Jannick und Simon?<\/p>\n<p>Luis Hinrichs und Philipp Dierkes<\/p>\n<p><a href=\"https:\/\/www.forum-soegel.de\/information\/wp-content\/uploads\/2010\/03\/PhilippDierkesFotoB\u00fcchereiwettbewerb.jpg\"><img loading=\"lazy\" decoding=\"async\" class=\"alignnone size-medium wp-image-896\" title=\"PhilippDierkesFotoB\u00fcchereiwettbewerb\" src=\"https:\/\/www.forum-soegel.de\/information\/wp-content\/uploads\/2010\/03\/PhilippDierkesFotoB\u00fcchereiwettbewerb-300x225.jpg\" alt=\"\" width=\"300\" height=\"225\" srcset=\"https:\/\/www.forum-soegel.de\/information\/wp-content\/uploads\/2010\/03\/PhilippDierkesFotoB\u00fcchereiwettbewerb-300x225.jpg 300w, https:\/\/www.forum-soegel.de\/information\/wp-content\/uploads\/2010\/03\/PhilippDierkesFotoB\u00fcchereiwettbewerb-1024x768.jpg 1024w, https:\/\/www.forum-soegel.de\/information\/wp-content\/uploads\/2010\/03\/PhilippDierkesFotoB\u00fcchereiwettbewerb.jpg 1632w\" sizes=\"auto, (max-width: 300px) 100vw, 300px\" \/><\/a><\/p>\n","protected":false},"excerpt":{"rendered":"Eins kamen sie, eins gingen sie mit fr\u00f6hlichen Gesichtern. Thorben Finke (4 Jahre alt), Jannick Abeln (7 Jahre alt) und Simon Wind (12 Jahre alt) hatten das Gl\u00fcck beim Preisausschreiben in der Katholischen \u00d6ffentlichen B\u00fccherei (K\u00d6B) S\u00f6gel, am Tag der offenen T\u00fcr ein Quiz und B\u00fccher zum Thema Feuerwehr zu gewinnen. Sie finden diese Geschenke [&hellip;]\n","protected":false},"author":2,"featured_media":0,"comment_status":"closed","ping_status":"closed","sticky":false,"template":"","format":"standard","meta":{"ngg_post_thumbnail":0,"footnotes":""},"categories":[276],"tags":[183,182,181],"class_list":["post-895","post","type-post","status-publish","format-standard","hentry","category-jugend-schreibt","tag-bucherei","tag-katholische-offentliche-bucherei","tag-kob"],"_links":{"self":[{"href":"https:\/\/www.forum-soegel.de\/information\/wp-json\/wp\/v2\/posts\/895","targetHints":{"allow":["GET"]}}],"collection":[{"href":"https:\/\/www.forum-soegel.de\/information\/wp-json\/wp\/v2\/posts"}],"about":[{"href":"https:\/\/www.forum-soegel.de\/information\/wp-json\/wp\/v2\/types\/post"}],"author":[{"embeddable":true,"href":"https:\/\/www.forum-soegel.de\/information\/wp-json\/wp\/v2\/users\/2"}],"replies":[{"embeddable":true,"href":"https:\/\/www.forum-soegel.de\/information\/wp-json\/wp\/v2\/comments?post=895"}],"version-history":[{"count":4,"href":"https:\/\/www.forum-soegel.de\/information\/wp-json\/wp\/v2\/posts\/895\/revisions"}],"predecessor-version":[{"id":1822,"href":"https:\/\/www.forum-soegel.de\/information\/wp-json\/wp\/v2\/posts\/895\/revisions\/1822"}],"wp:attachment":[{"href":"https:\/\/www.forum-soegel.de\/information\/wp-json\/wp\/v2\/media?parent=895"}],"wp:term":[{"taxonomy":"category","embeddable":true,"href":"https:\/\/www.forum-soegel.de\/information\/wp-json\/wp\/v2\/categories?post=895"},{"taxonomy":"post_tag","embeddable":true,"href":"https:\/\/www.forum-soegel.de\/information\/wp-json\/wp\/v2\/tags?post=895"}],"curies":[{"name":"wp","href":"https:\/\/api.w.org\/{rel}","templated":true}]}}