{"id":8769,"date":"2012-09-01T00:19:48","date_gmt":"2012-08-31T22:19:48","guid":{"rendered":"https:\/\/www.forum-soegel.de\/information\/?p=8769"},"modified":"2012-08-31T19:21:37","modified_gmt":"2012-08-31T17:21:37","slug":"agape-sogel","status":"publish","type":"post","link":"https:\/\/www.forum-soegel.de\/information\/2012\/09\/agape-sogel\/","title":{"rendered":"Agape S\u00f6gel"},"content":{"rendered":"<p style=\"text-align: left;\" align=\"center\"><strong>Die \u201eTafel\u201c f\u00fcr bed\u00fcrftige Mitb\u00fcrger stellt sich vor<\/strong><\/p>\n<p align=\"center\">\n<p>Bed\u00fcrftige k\u00f6nnen unter anderem Rentner, Langzeitarbeitslose oder Erwerbsunf\u00e4hige sein.<\/p>\n<p>Das Team besteht aus Ehrenamtlichen, die jeden Donnerstag die gespendeten Lebensmittel an die betroffenen Personen verteilen.<\/p>\n<p>Gespendet werden die Waren von verschiedenen Lebensmittelgesch\u00e4ften der Umgebung, denen an dieser Stelle ein herzliches Dankesch\u00f6n seitens des Teams ausgesprochen wird.<\/p>\n<p>\u201eEs kommt schon mal vor, dass an einigen Donnerstagen die Lebensmittel so knapp bemessen sind, dass wir auf zus\u00e4tzliche Unterst\u00fctzung angewiesen sind,\u201c berichtet Christa Feldhaus.<\/p>\n<p>Deshalb die Bitte, wer Lebensmittel spenden m\u00f6chte, kann dies jeden Donnerstag von 10:00 bis 11:00 Uhr nach telefonischer Vereinbarung unter der Nummer 05952 2669 tun.<\/p>\n<p>Die Einrichtung befindet sich im ehemaligen Amerikanischen Community-Center auf dem M\u00fchlenberg, hinter dem Nettomarkt.<\/p>\n<p>&nbsp;<\/p>\n<p>Dankend angenommen wird alles \u201ewas das Herz begehrt\u201c:<\/p>\n<p>Kaffee, Tee, Mehl, Zucker, alkoholfreie Getr\u00e4nke, Kuchen, aber auch Kinderb\u00fccher oder Spielzeug.<\/p>\n<p>Das Team freut sich \u00fcber eine gute Beteiligung.<\/p>\n<p>Die Aktionen laufen das ganze Jahr, Ansprechpartner ist Michael Musolf in S\u00f6gel Telefon 05952\/3391<\/p>\n<p>&nbsp;<\/p>\n<p>Text: Christa Feldhaus und Annemarie Roclawski Foto: KS<\/p>\n<div id=\"attachment_8770\" style=\"width: 310px\" class=\"wp-caption alignnone\"><a href=\"https:\/\/www.forum-soegel.de\/information\/wp-content\/uploads\/2012\/08\/Agape.jpg\"><img loading=\"lazy\" decoding=\"async\" aria-describedby=\"caption-attachment-8770\" class=\"size-medium wp-image-8770\" title=\"Agape\" src=\"https:\/\/www.forum-soegel.de\/information\/wp-content\/uploads\/2012\/08\/Agape-300x225.jpg\" alt=\"\" width=\"300\" height=\"225\" srcset=\"https:\/\/www.forum-soegel.de\/information\/wp-content\/uploads\/2012\/08\/Agape-300x225.jpg 300w, https:\/\/www.forum-soegel.de\/information\/wp-content\/uploads\/2012\/08\/Agape.jpg 1024w\" sizes=\"auto, (max-width: 300px) 100vw, 300px\" \/><\/a><p id=\"caption-attachment-8770\" class=\"wp-caption-text\">Foto von links : eines der ehrenamtlichen Teams. Rilies Kemkes, Eva Schotter, Annemarie Roclawski, Christa Feldhaus und Theo Kempkes<\/p><\/div>\n","protected":false},"excerpt":{"rendered":"Die \u201eTafel\u201c f\u00fcr bed\u00fcrftige Mitb\u00fcrger stellt sich vor Bed\u00fcrftige k\u00f6nnen unter anderem Rentner, Langzeitarbeitslose oder Erwerbsunf\u00e4hige sein. Das Team besteht aus Ehrenamtlichen, die jeden Donnerstag die gespendeten Lebensmittel an die betroffenen Personen verteilen. Gespendet werden die Waren von verschiedenen Lebensmittelgesch\u00e4ften der Umgebung, denen an dieser Stelle ein herzliches Dankesch\u00f6n seitens des Teams ausgesprochen wird. \u201eEs [&hellip;]\n","protected":false},"author":2,"featured_media":0,"comment_status":"closed","ping_status":"closed","sticky":false,"template":"","format":"standard","meta":{"ngg_post_thumbnail":0,"footnotes":""},"categories":[3],"tags":[],"class_list":["post-8769","post","type-post","status-publish","format-standard","hentry","category-aktuelles-aus-der-region"],"_links":{"self":[{"href":"https:\/\/www.forum-soegel.de\/information\/wp-json\/wp\/v2\/posts\/8769","targetHints":{"allow":["GET"]}}],"collection":[{"href":"https:\/\/www.forum-soegel.de\/information\/wp-json\/wp\/v2\/posts"}],"about":[{"href":"https:\/\/www.forum-soegel.de\/information\/wp-json\/wp\/v2\/types\/post"}],"author":[{"embeddable":true,"href":"https:\/\/www.forum-soegel.de\/information\/wp-json\/wp\/v2\/users\/2"}],"replies":[{"embeddable":true,"href":"https:\/\/www.forum-soegel.de\/information\/wp-json\/wp\/v2\/comments?post=8769"}],"version-history":[{"count":1,"href":"https:\/\/www.forum-soegel.de\/information\/wp-json\/wp\/v2\/posts\/8769\/revisions"}],"predecessor-version":[{"id":8771,"href":"https:\/\/www.forum-soegel.de\/information\/wp-json\/wp\/v2\/posts\/8769\/revisions\/8771"}],"wp:attachment":[{"href":"https:\/\/www.forum-soegel.de\/information\/wp-json\/wp\/v2\/media?parent=8769"}],"wp:term":[{"taxonomy":"category","embeddable":true,"href":"https:\/\/www.forum-soegel.de\/information\/wp-json\/wp\/v2\/categories?post=8769"},{"taxonomy":"post_tag","embeddable":true,"href":"https:\/\/www.forum-soegel.de\/information\/wp-json\/wp\/v2\/tags?post=8769"}],"curies":[{"name":"wp","href":"https:\/\/api.w.org\/{rel}","templated":true}]}}