{"id":8424,"date":"2012-07-01T12:32:03","date_gmt":"2012-07-01T10:32:03","guid":{"rendered":"https:\/\/www.forum-soegel.de\/information\/?p=8424"},"modified":"2012-07-01T12:32:03","modified_gmt":"2012-07-01T10:32:03","slug":"tagesausflug-nach-haren","status":"publish","type":"post","link":"https:\/\/www.forum-soegel.de\/information\/2012\/07\/tagesausflug-nach-haren\/","title":{"rendered":"Tagesausflug nach Haren"},"content":{"rendered":"<p align=\"center\"><strong><em>\u00a0<\/em><\/strong><\/p>\n<p>Zu einem Tagesausflug nach Haren l\u00e4dt der Heimatverein S\u00f6gel am 19. Juli 2012 recht herzlich ein. Um 13.45 Uhr ist Abfahrt ab Kindergarten mit dem Bus in die Schifferstadt Haren, wo eine Fahrt mit der &#8222;neuen&#8220; Amisia durch den Harener Hafen (einschl. Euro-Hafen) vorgesehen ist. Kaffee und Kuchen gibt es an Bord. Anschlie\u00dfend ist eine gef\u00fchrte ausf\u00fchrliche F\u00fchrung durch das M\u00fchlenmuseum vorgesehen. Der Preis f\u00fcr diese Fahrt bel\u00e4uft sich auf 20,&#8211; Euro pro Person. Darin sind enthalten: Hin- und R\u00fcckfahrt mit dem Bus, Schifffahrt mit der Amisa, Kaffee und Kuchen an Bord und Eintritt und F\u00fchrung durch das M\u00fchlenmuseum. Die R\u00fcckkehr in S\u00f6gel ist f\u00fcr ca. 18.45 Uhr vorgesehen. Anmeldungen nimmt ab sofort der Vorsitzende des Heimatvereins S\u00f6gel Herr Joachim Heeren unter der Telefon-Nr. 2833 entgegen. Die Teilnehmerzahl ist auf 50 Personen begrenzt.<\/p>\n<p>Text: GS<\/p>\n","protected":false},"excerpt":{"rendered":"\u00a0 Zu einem Tagesausflug nach Haren l\u00e4dt der Heimatverein S\u00f6gel am 19. Juli 2012 recht herzlich ein. Um 13.45 Uhr ist Abfahrt ab Kindergarten mit dem Bus in die Schifferstadt Haren, wo eine Fahrt mit der &#8222;neuen&#8220; Amisia durch den Harener Hafen (einschl. Euro-Hafen) vorgesehen ist. Kaffee und Kuchen gibt es an Bord. Anschlie\u00dfend ist [&hellip;]\n","protected":false},"author":2,"featured_media":0,"comment_status":"closed","ping_status":"closed","sticky":false,"template":"","format":"standard","meta":{"ngg_post_thumbnail":0,"footnotes":""},"categories":[5],"tags":[903,306],"class_list":["post-8424","post","type-post","status-publish","format-standard","hentry","category-was-machen-die-vereine","tag-haren","tag-heimatverein-sogel"],"_links":{"self":[{"href":"https:\/\/www.forum-soegel.de\/information\/wp-json\/wp\/v2\/posts\/8424","targetHints":{"allow":["GET"]}}],"collection":[{"href":"https:\/\/www.forum-soegel.de\/information\/wp-json\/wp\/v2\/posts"}],"about":[{"href":"https:\/\/www.forum-soegel.de\/information\/wp-json\/wp\/v2\/types\/post"}],"author":[{"embeddable":true,"href":"https:\/\/www.forum-soegel.de\/information\/wp-json\/wp\/v2\/users\/2"}],"replies":[{"embeddable":true,"href":"https:\/\/www.forum-soegel.de\/information\/wp-json\/wp\/v2\/comments?post=8424"}],"version-history":[{"count":1,"href":"https:\/\/www.forum-soegel.de\/information\/wp-json\/wp\/v2\/posts\/8424\/revisions"}],"predecessor-version":[{"id":8425,"href":"https:\/\/www.forum-soegel.de\/information\/wp-json\/wp\/v2\/posts\/8424\/revisions\/8425"}],"wp:attachment":[{"href":"https:\/\/www.forum-soegel.de\/information\/wp-json\/wp\/v2\/media?parent=8424"}],"wp:term":[{"taxonomy":"category","embeddable":true,"href":"https:\/\/www.forum-soegel.de\/information\/wp-json\/wp\/v2\/categories?post=8424"},{"taxonomy":"post_tag","embeddable":true,"href":"https:\/\/www.forum-soegel.de\/information\/wp-json\/wp\/v2\/tags?post=8424"}],"curies":[{"name":"wp","href":"https:\/\/api.w.org\/{rel}","templated":true}]}}