{"id":8230,"date":"2012-06-04T08:55:34","date_gmt":"2012-06-04T06:55:34","guid":{"rendered":"https:\/\/www.forum-soegel.de\/information\/?p=8230"},"modified":"2012-06-04T08:55:34","modified_gmt":"2012-06-04T06:55:34","slug":"ameland-2012-20-jahre-jubilaum","status":"publish","type":"post","link":"https:\/\/www.forum-soegel.de\/information\/2012\/06\/ameland-2012-20-jahre-jubilaum\/","title":{"rendered":"AMELAND 2012 &#8211;  20 Jahre Jubil\u00e4um"},"content":{"rendered":"<p style=\"text-align: left;\" align=\"center\"><strong>Bald ist es wieder soweit!<\/strong><\/p>\n<p>Sommer, Sonne, Strand und Meer \u2013 dies sind nur wenige Begriffe, die pr\u00e4gend f\u00fcr die niederl\u00e4ndische Nordseeinsel Ameland sind. Bereits zum 20. Mal machen sich Kinder, Jugendliche und Erwachsene aus unserer Gemeinde auf den Weg, um dieses ganz besondere Ferienparadies zu genie\u00dfen. Ameland ist eine der sch\u00f6nsten Inseln im Wattenmeer und dar\u00fcber hinaus seit Generationen bekannt f\u00fcr seine zahlreichen Kinderfreizeiten. Auch in diesem Jahr m\u00f6chten wir mit vielen Ameland begeisterten Kindern eine unvergessliche Reise erleben. Die Insel fasziniert mit einer vielf\u00e4ltigen Naturlandschaft, endlosen D\u00fcnengebieten und einem 24 km langen, wei\u00dfen Nordseestrand, der zum Sonnen und Baden, aber auch zu spannenden Spielen im Sand einl\u00e4dt.<\/p>\n<p>Unter der Leitung von Roswitha H\u00f6lscher macht sich das Vorbereitungsteam schon seit langem Gedanken, um ein abwechslungsreiches und kindgerechtes Programm zu verwirklichen. Nat\u00fcrlich finden auch in diesem Jahr der Besuch des Abenteuerspielplatzes, eine Kutter- und Treckerfahrt, sowie zahlreiche weitere Aktivit\u00e4ten im Lager und in der Natur statt, die die Reise zu einer abenteuerlichen Zeit werden lassen. Unter dem Zeichen der Jubil\u00e4umsfahrt wartet au\u00dferdem eine ganz besondere \u00dcberraschung auf die Freizeitteilnehmer. Organisiert wird die Freizeit von erfahrenen und ausgebildeten Gruppenleitern der Kath. Jugend S\u00f6gel, die rund um die Uhr die Aufsicht \u00fcbernehmen und f\u00fcr einen reibungslosen Ablauf des facettenreichen Programms sorgen.<\/p>\n<p>Mitfahren k\u00f6nnen alle Kinder im Alter von 8 -13 Jahren.<\/p>\n<p>Es sind noch Pl\u00e4tze frei.<\/p>\n<p>Anmeldungen f\u00fcr die Ameland-Freizeit liegen bereits in der Kirche und im St. Jakobushaus aus und k\u00f6nnen zu den entsprechenden \u00d6ffnungszeiten bei Roswitha H\u00f6lscher oder im Pfarrb\u00fcro abgegeben werden.<\/p>\n<p>Wir freuen uns auf euch!<\/p>\n<p>Das Ameland-Vorbereitungsteam<\/p>\n<p><a href=\"https:\/\/www.forum-soegel.de\/information\/wp-content\/uploads\/2012\/06\/Ameland1.jpg\"><img loading=\"lazy\" decoding=\"async\" class=\"alignnone size-thumbnail wp-image-8231\" title=\"Ameland1\" src=\"https:\/\/www.forum-soegel.de\/information\/wp-content\/uploads\/2012\/06\/Ameland1-150x150.jpg\" alt=\"\" width=\"150\" height=\"150\" \/><\/a>\u00a0\u00a0<a href=\"https:\/\/www.forum-soegel.de\/information\/wp-content\/uploads\/2012\/06\/Ameland2.jpg\"><img loading=\"lazy\" decoding=\"async\" class=\"alignnone size-thumbnail wp-image-8232\" title=\"Ameland2\" src=\"https:\/\/www.forum-soegel.de\/information\/wp-content\/uploads\/2012\/06\/Ameland2-150x150.jpg\" alt=\"\" width=\"150\" height=\"150\" \/><\/a>\u00a0\u00a0<a href=\"https:\/\/www.forum-soegel.de\/information\/wp-content\/uploads\/2012\/06\/Ameland3.jpg\"><img loading=\"lazy\" decoding=\"async\" class=\"alignnone size-thumbnail wp-image-8233\" title=\"Ameland3\" src=\"https:\/\/www.forum-soegel.de\/information\/wp-content\/uploads\/2012\/06\/Ameland3-150x150.jpg\" alt=\"\" width=\"150\" height=\"150\" \/><\/a><\/p>\n<p><a href=\"https:\/\/www.forum-soegel.de\/information\/wp-content\/uploads\/2012\/06\/Ameland4.jpg\"><img loading=\"lazy\" decoding=\"async\" class=\"alignnone size-thumbnail wp-image-8234\" title=\"Ameland4\" src=\"https:\/\/www.forum-soegel.de\/information\/wp-content\/uploads\/2012\/06\/Ameland4-150x150.jpg\" alt=\"\" width=\"150\" height=\"150\" \/><\/a>\u00a0\u00a0<a href=\"https:\/\/www.forum-soegel.de\/information\/wp-content\/uploads\/2012\/06\/Ameland5.jpg\"><img loading=\"lazy\" decoding=\"async\" class=\"alignnone size-thumbnail wp-image-8235\" title=\"Ameland5\" src=\"https:\/\/www.forum-soegel.de\/information\/wp-content\/uploads\/2012\/06\/Ameland5-150x150.jpg\" alt=\"\" width=\"150\" height=\"150\" \/><\/a><\/p>\n","protected":false},"excerpt":{"rendered":"Bald ist es wieder soweit! Sommer, Sonne, Strand und Meer \u2013 dies sind nur wenige Begriffe, die pr\u00e4gend f\u00fcr die niederl\u00e4ndische Nordseeinsel Ameland sind. Bereits zum 20. Mal machen sich Kinder, Jugendliche und Erwachsene aus unserer Gemeinde auf den Weg, um dieses ganz besondere Ferienparadies zu genie\u00dfen. Ameland ist eine der sch\u00f6nsten Inseln im Wattenmeer [&hellip;]\n","protected":false},"author":2,"featured_media":0,"comment_status":"closed","ping_status":"closed","sticky":false,"template":"","format":"standard","meta":{"ngg_post_thumbnail":0,"footnotes":""},"categories":[868],"tags":[681],"class_list":["post-8230","post","type-post","status-publish","format-standard","hentry","category-zwischen-himmel-und-erde","tag-ameland"],"_links":{"self":[{"href":"https:\/\/www.forum-soegel.de\/information\/wp-json\/wp\/v2\/posts\/8230","targetHints":{"allow":["GET"]}}],"collection":[{"href":"https:\/\/www.forum-soegel.de\/information\/wp-json\/wp\/v2\/posts"}],"about":[{"href":"https:\/\/www.forum-soegel.de\/information\/wp-json\/wp\/v2\/types\/post"}],"author":[{"embeddable":true,"href":"https:\/\/www.forum-soegel.de\/information\/wp-json\/wp\/v2\/users\/2"}],"replies":[{"embeddable":true,"href":"https:\/\/www.forum-soegel.de\/information\/wp-json\/wp\/v2\/comments?post=8230"}],"version-history":[{"count":1,"href":"https:\/\/www.forum-soegel.de\/information\/wp-json\/wp\/v2\/posts\/8230\/revisions"}],"predecessor-version":[{"id":8236,"href":"https:\/\/www.forum-soegel.de\/information\/wp-json\/wp\/v2\/posts\/8230\/revisions\/8236"}],"wp:attachment":[{"href":"https:\/\/www.forum-soegel.de\/information\/wp-json\/wp\/v2\/media?parent=8230"}],"wp:term":[{"taxonomy":"category","embeddable":true,"href":"https:\/\/www.forum-soegel.de\/information\/wp-json\/wp\/v2\/categories?post=8230"},{"taxonomy":"post_tag","embeddable":true,"href":"https:\/\/www.forum-soegel.de\/information\/wp-json\/wp\/v2\/tags?post=8230"}],"curies":[{"name":"wp","href":"https:\/\/api.w.org\/{rel}","templated":true}]}}