{"id":8081,"date":"2012-06-03T00:29:57","date_gmt":"2012-06-02T22:29:57","guid":{"rendered":"https:\/\/www.forum-soegel.de\/information\/?p=8081"},"modified":"2012-05-30T18:34:42","modified_gmt":"2012-05-30T16:34:42","slug":"feuerwehr-sogel-wird-150-jahre-alt","status":"publish","type":"post","link":"https:\/\/www.forum-soegel.de\/information\/2012\/06\/feuerwehr-sogel-wird-150-jahre-alt\/","title":{"rendered":"Feuerwehr S\u00f6gel wird 150 Jahre alt"},"content":{"rendered":"<p>Im Jahre 1863 wurde in S\u00f6gel die Freiwillige Feuerwehr als organisierte Brandschutzeinrichtung gegr\u00fcndet. Das 150-j\u00e4hrige Bestehen soll am 27. und 28.\u00a0 April 2013\u00a0 geb\u00fchrend gefeiert werden. Im Rahmen der Mitgliederversammlung berichtete Ortsbrandmeister Frank Tholen von einem ereignisreichen Jahr 2011.<\/p>\n<p>Wie in fast allen emsl\u00e4ndischen Gemeinden wurde um das Jahr 1800 die Brandbek\u00e4mpfung in S\u00f6gel mit einfachen Spritzen und vor allem mit Wassereimern sichergestellt. Mehr oder weniger gut organisiert versuchte man, den Schutz der Bev\u00f6lkerung zu gew\u00e4hrleisteten. Nach dem \u201eGro\u00dfen Brand von S\u00f6gel\u201c, der 1840 fast das ganze Dorf in Schutt und Asche legte, fasste man gut 20 Jahre sp\u00e4ter den Beschluss, mit der Gr\u00fcndung der Freiwilligen Feuerwehr das Feuerl\u00f6schwesen besser zu strukturieren.<\/p>\n<p>Aktuell\u00a0 verf\u00fcgt die FF S\u00f6gel \u00fcber 51 Feuerwehrleute, darunter zwei Frauen. 15 M\u00e4nner geh\u00f6ren zur\u00a0 Altersabteilung. Zwei L\u00f6schgruppenfahrzeuge, eine Drehleiter und ein Einsatzleitwagen mit Anh\u00e4nger stehen zur Verf\u00fcgung. Nach Erf\u00fcllung der Mindestdienstzeiten und der Absolvierung entsprechender Lehrg\u00e4nge konnten mehrere Mitglieder der Freiwilligen Feuerwehr bef\u00f6rdert werden. Sie stellten sich zusammen mit der Feuerwehrf\u00fchrung und der Gemeindevertretung der Kamera.<\/p>\n<p>Text:Feuerwehr\u00a0 Foto: Schr\u00f6der<\/p>\n<div id=\"attachment_8082\" style=\"width: 310px\" class=\"wp-caption alignnone\"><a href=\"https:\/\/www.forum-soegel.de\/information\/wp-content\/uploads\/2012\/05\/FF-S\u00f6gel-MV.jpg\"><img loading=\"lazy\" decoding=\"async\" aria-describedby=\"caption-attachment-8082\" class=\"size-medium wp-image-8082\" title=\"FF S\u00f6gel MV\" src=\"https:\/\/www.forum-soegel.de\/information\/wp-content\/uploads\/2012\/05\/FF-S\u00f6gel-MV-300x189.jpg\" alt=\"\" width=\"300\" height=\"189\" srcset=\"https:\/\/www.forum-soegel.de\/information\/wp-content\/uploads\/2012\/05\/FF-S\u00f6gel-MV-300x189.jpg 300w, https:\/\/www.forum-soegel.de\/information\/wp-content\/uploads\/2012\/05\/FF-S\u00f6gel-MV.jpg 1024w\" sizes=\"auto, (max-width: 300px) 100vw, 300px\" \/><\/a><p id=\"caption-attachment-8082\" class=\"wp-caption-text\">Unser Foto zeigt von links: Erster Stellvertretender Ortsbrandmeister Lambert Brand, Ortsbrandmeister Frank Tholen, Christian Lammers, B\u00fcrgermeisterin Irmgard Welling, Heiko K\u00fcnnen. Johannes Lammers, Dennis Meyer, Tim Schlobinski, Rene Kabey, Kevin Rackowitz, Gemeindebrandmeister Hermann Weller und Erster Samtgemeinderat Hans Nowak.<\/p><\/div>\n","protected":false},"excerpt":{"rendered":"Im Jahre 1863 wurde in S\u00f6gel die Freiwillige Feuerwehr als organisierte Brandschutzeinrichtung gegr\u00fcndet. Das 150-j\u00e4hrige Bestehen soll am 27. und 28.\u00a0 April 2013\u00a0 geb\u00fchrend gefeiert werden. Im Rahmen der Mitgliederversammlung berichtete Ortsbrandmeister Frank Tholen von einem ereignisreichen Jahr 2011. Wie in fast allen emsl\u00e4ndischen Gemeinden wurde um das Jahr 1800 die Brandbek\u00e4mpfung in S\u00f6gel mit [&hellip;]\n","protected":false},"author":2,"featured_media":0,"comment_status":"closed","ping_status":"closed","sticky":false,"template":"","format":"standard","meta":{"ngg_post_thumbnail":0,"footnotes":""},"categories":[3],"tags":[113],"class_list":["post-8081","post","type-post","status-publish","format-standard","hentry","category-aktuelles-aus-der-region","tag-feuerwehr"],"_links":{"self":[{"href":"https:\/\/www.forum-soegel.de\/information\/wp-json\/wp\/v2\/posts\/8081","targetHints":{"allow":["GET"]}}],"collection":[{"href":"https:\/\/www.forum-soegel.de\/information\/wp-json\/wp\/v2\/posts"}],"about":[{"href":"https:\/\/www.forum-soegel.de\/information\/wp-json\/wp\/v2\/types\/post"}],"author":[{"embeddable":true,"href":"https:\/\/www.forum-soegel.de\/information\/wp-json\/wp\/v2\/users\/2"}],"replies":[{"embeddable":true,"href":"https:\/\/www.forum-soegel.de\/information\/wp-json\/wp\/v2\/comments?post=8081"}],"version-history":[{"count":2,"href":"https:\/\/www.forum-soegel.de\/information\/wp-json\/wp\/v2\/posts\/8081\/revisions"}],"predecessor-version":[{"id":8085,"href":"https:\/\/www.forum-soegel.de\/information\/wp-json\/wp\/v2\/posts\/8081\/revisions\/8085"}],"wp:attachment":[{"href":"https:\/\/www.forum-soegel.de\/information\/wp-json\/wp\/v2\/media?parent=8081"}],"wp:term":[{"taxonomy":"category","embeddable":true,"href":"https:\/\/www.forum-soegel.de\/information\/wp-json\/wp\/v2\/categories?post=8081"},{"taxonomy":"post_tag","embeddable":true,"href":"https:\/\/www.forum-soegel.de\/information\/wp-json\/wp\/v2\/tags?post=8081"}],"curies":[{"name":"wp","href":"https:\/\/api.w.org\/{rel}","templated":true}]}}