{"id":8002,"date":"2012-05-01T10:17:34","date_gmt":"2012-05-01T08:17:34","guid":{"rendered":"https:\/\/www.forum-soegel.de\/information\/?p=8002"},"modified":"2012-05-01T10:17:34","modified_gmt":"2012-05-01T08:17:34","slug":"fachkraftemangel-die-ersten-14-spanier-im-emsland-eingetroffen","status":"publish","type":"post","link":"https:\/\/www.forum-soegel.de\/information\/2012\/05\/fachkraftemangel-die-ersten-14-spanier-im-emsland-eingetroffen\/","title":{"rendered":"Fachkr\u00e4ftemangel: Die ersten 14 Spanier im Emsland eingetroffen"},"content":{"rendered":"<p>Neue Wege gegen den Fachkr\u00e4ftemangel: Ein Projekt der Emsachse \u2013 in Zusammenarbeit mit der Samtgemeinde S\u00f6gel \u2013 findet derzeit ein bundesweites Medienecho: \u00d6rtliche und regionale Unternehmen bieten jungen Spaniern eine Ausbildung an. 14 arbeitssuchende jugendliche Spanier sind auf Schnuppertour im Emsland, auch in der Samtgemeinde S\u00f6gel, um sich eine geeignete Ausbildungsstelle f\u00fcr den Start im Sommer zu suchen.<\/p>\n<p>Sie absolvieren seit Anfang April einen Sprachkurs an den Berufsbildenden Schulen in Papenburg und werden Mitte Mai ihr Praktikum in den Unternehmen beginnen. Auch in der Samtgemeinde S\u00f6gel sind 5 Unternehmen als potenzielle Ausbildungsbetriebe beteiligt. Die regionale Wirtschaft hat immer gr\u00f6\u00dfere Schwierigkeiten, ihre Ausbildungspl\u00e4tze zu besetzen. Weil immer weniger Sch\u00fcler auf den Markt dr\u00e4ngen, d\u00fcrften sich die Probleme in den n\u00e4chsten Jahren eher versch\u00e4rfen, so dass neue Ausbildungsm\u00f6glichkeiten zu nutzen sind.<\/p>\n","protected":false},"excerpt":{"rendered":"Neue Wege gegen den Fachkr\u00e4ftemangel: Ein Projekt der Emsachse \u2013 in Zusammenarbeit mit der Samtgemeinde S\u00f6gel \u2013 findet derzeit ein bundesweites Medienecho: \u00d6rtliche und regionale Unternehmen bieten jungen Spaniern eine Ausbildung an. 14 arbeitssuchende jugendliche Spanier sind auf Schnuppertour im Emsland, auch in der Samtgemeinde S\u00f6gel, um sich eine geeignete Ausbildungsstelle f\u00fcr den Start im [&hellip;]\n","protected":false},"author":2,"featured_media":0,"comment_status":"closed","ping_status":"closed","sticky":false,"template":"","format":"standard","meta":{"ngg_post_thumbnail":0,"footnotes":""},"categories":[10],"tags":[],"class_list":["post-8002","post","type-post","status-publish","format-standard","hentry","category-rat-und-verwaltung-informieren"],"_links":{"self":[{"href":"https:\/\/www.forum-soegel.de\/information\/wp-json\/wp\/v2\/posts\/8002","targetHints":{"allow":["GET"]}}],"collection":[{"href":"https:\/\/www.forum-soegel.de\/information\/wp-json\/wp\/v2\/posts"}],"about":[{"href":"https:\/\/www.forum-soegel.de\/information\/wp-json\/wp\/v2\/types\/post"}],"author":[{"embeddable":true,"href":"https:\/\/www.forum-soegel.de\/information\/wp-json\/wp\/v2\/users\/2"}],"replies":[{"embeddable":true,"href":"https:\/\/www.forum-soegel.de\/information\/wp-json\/wp\/v2\/comments?post=8002"}],"version-history":[{"count":1,"href":"https:\/\/www.forum-soegel.de\/information\/wp-json\/wp\/v2\/posts\/8002\/revisions"}],"predecessor-version":[{"id":8003,"href":"https:\/\/www.forum-soegel.de\/information\/wp-json\/wp\/v2\/posts\/8002\/revisions\/8003"}],"wp:attachment":[{"href":"https:\/\/www.forum-soegel.de\/information\/wp-json\/wp\/v2\/media?parent=8002"}],"wp:term":[{"taxonomy":"category","embeddable":true,"href":"https:\/\/www.forum-soegel.de\/information\/wp-json\/wp\/v2\/categories?post=8002"},{"taxonomy":"post_tag","embeddable":true,"href":"https:\/\/www.forum-soegel.de\/information\/wp-json\/wp\/v2\/tags?post=8002"}],"curies":[{"name":"wp","href":"https:\/\/api.w.org\/{rel}","templated":true}]}}