{"id":7991,"date":"2012-05-01T00:38:48","date_gmt":"2012-04-30T22:38:48","guid":{"rendered":"https:\/\/www.forum-soegel.de\/information\/?p=7991"},"modified":"2012-04-29T12:40:17","modified_gmt":"2012-04-29T10:40:17","slug":"%e2%80%9eolymp-tv-eine-gottlich-gute-talkshow%e2%80%9d","status":"publish","type":"post","link":"https:\/\/www.forum-soegel.de\/information\/2012\/05\/%e2%80%9eolymp-tv-eine-gottlich-gute-talkshow%e2%80%9d\/","title":{"rendered":"\u201eOlymp TV, eine g\u00f6ttlich gute Talkshow\u201d"},"content":{"rendered":"<p>Ein Vergn\u00fcgen der besonderen Art bot die \u201eLatein aktiv\u201d-AG des H\u00fcmmling-Gymnasiums unter der kundigen Leitung von Frau T\u00f6ns den zahlreichen Zuschauern am 13. M\u00e4rz in der Aula. Es pr\u00e4sentierte sich die Cr\u00e8me de la Cr\u00e8me der olympischen G\u00f6tter in einer sehr modern anmutenden Talkrunde. Unter der Moderation von Valeria Valentina (souver\u00e4n pr\u00e4sentiert von Lena Bowen) stritten sich auf das trefflichste der autorit\u00e4re Jupiter (Hermann Ahrens), die drei miteinander wenig r\u00fccksichtsvoll umgehenden G\u00f6ttinnen Juno (Rabea Butt), Minerva (Jessica Maier) und Venus (Frieda Ahrens) sowie der von seiner Macht sehr \u00fcberzeugte Neptun (Marvin Walter). Nat\u00fcrlich gab es, wie es sich f\u00fcr eine solche Gespr\u00e4chsform geh\u00f6rt, auch ein Thema: D\u00fcrfen G\u00f6tter in das Leben der Menschen eingreifen?<\/p>\n<p>Sehr konkret wurde das anhand von Spielszenen mit den heroischen Geschichten um den trojanischen Fl\u00fcchtling Aeneas (Jannis Robben), seinen Sohn Ascanius (Tatjana Menser) und den Vater Anchises (Michael Mielke) beleuchtet. Tragischer H\u00f6hepunkt war die durch Weisung Jupiters unterbundene Liebe zwischen der karthagischen K\u00f6nigin Dido (Lisa Nieters) und Aeneas. Der musste Karthago umgehend verlassen, weil Jupiter ihn zum Gr\u00fcnder des r\u00f6mischen Geschlechts in Italien vorgesehen hatte. Dido gab sich verzweifelt den Tod.<\/p>\n<p>Alle Szenen wurden von der G\u00f6ttertalkrunde mit teils h\u00e4mischen, teils besorgten Kommentaren begleitet, die aber immer die eigene Befindlichkeit, das eigene Interesse in den Vordergrund stellten. Wo gibt es da noch Unterschiede zu heutigen Gespr\u00e4chsrunden?<\/p>\n<p>Und die dramaturgische Umsetzung der Ideen und Geschichten? Eine gelungene Mischung aus deutschen und &#8211; wie bei der AG-Bezeichnung zu erwarten &#8211; lateinischen Gespr\u00e4chsteilen wurde dargeboten: die G\u00f6tterrunde mit der Moderatorin verst\u00e4ndigten sich auf deutsch. Lateinisch ging es dann in den Spielszenen weiter, in die aber eingef\u00fchrt wurde und &#8211; ein geschickter Effekt &#8211; in denen unter Heranziehung der sprachlich versierten Minerva gedolmetscht wurde. Die Zuschauer verloren so in dem kurzweiligen St\u00fcck nie den sprichw\u00f6rtlichen \u201eroten Faden\u201d.<\/p>\n<p>Belohnt wurden sie mit Sch\u00fclerleistungen, in denen insgesamt viel Engagement und Begeisterung mitschwang und eine Reihe schauspielerischer Talente hervortraten. Einen Raum von der Dimension wie in der Aula zu bespielen ohne sich weiterer, die Akustik verbessernder Hilfsmittel zu bedienen, und dabei noch durchaus artikuliert und verst\u00e4ndlich trotz manch erkennbaren Lampenfiebers zu sein, ist schon eine grandiose Leistung aller Mitwirkenden.<\/p>\n<p>Viel verdienten Beifall gab es von den Zuschauern und lobende Worte vom Schulleiter, Herrn Rojahn, f\u00fcr alle Akteure, die sich ein dreiviertel Jahr regelm\u00e4\u00dfig samstagvormittags in der Schule getroffen haben, um die Texte zu entwerfen und einzustudieren.<\/p>\n<p>Zu den Mitwirkenden geh\u00f6rten au\u00dfer den bereits genannten noch Marcel Kroon, Sascha B\u00fcter, Johanna Holtermann, Marion Lammers, Maximilian Schmitz und Jonathan Vo\u00df. Simon Robben war verantwortlich f\u00fcr die gelungene Titelmusik und den Schlagzeugbeitrag. Herrn Temme gelang mit seinem Kunstkurs ein verbl\u00fcffend einfaches, aber sehr wirkungsvolles B\u00fchnenbild. Herr Brant sorgte f\u00fcr perfekte Beleuchtung. Einen Blumenstrau\u00df gab es f\u00fcr Frau T\u00f6ns, in deren Hand alle F\u00e4den zusammenliefen.<\/p>\n<p>Ob es eine Fortsetzung gibt? Der Titel &#8211; \u201eOlymp TV, eine g\u00f6ttlich gute Talkshow\u201d &#8211; l\u00e4sst zumindest gen\u00fcgend Raum f\u00fcr eine Neuauflage. Auch die Zuschauer, denen nach Ende des St\u00fccks noch einige raffinierte, typisch r\u00f6mische Delikatessenh\u00e4ppchen angeboten wurden, waren sich diesbez\u00fcglich einig.<\/p>\n<p>Text\/Foto: Eckhard Bredohl<\/p>\n<p><a href=\"https:\/\/www.forum-soegel.de\/information\/wp-content\/uploads\/2012\/04\/Olymp-TVDarsteller.jpg\"><img loading=\"lazy\" decoding=\"async\" class=\"alignnone size-medium wp-image-7992\" title=\"Olymp TVDarsteller\" src=\"https:\/\/www.forum-soegel.de\/information\/wp-content\/uploads\/2012\/04\/Olymp-TVDarsteller-300x200.jpg\" alt=\"\" width=\"300\" height=\"200\" srcset=\"https:\/\/www.forum-soegel.de\/information\/wp-content\/uploads\/2012\/04\/Olymp-TVDarsteller-300x200.jpg 300w, https:\/\/www.forum-soegel.de\/information\/wp-content\/uploads\/2012\/04\/Olymp-TVDarsteller.jpg 1024w\" sizes=\"auto, (max-width: 300px) 100vw, 300px\" \/><\/a><\/p>\n","protected":false},"excerpt":{"rendered":"Ein Vergn\u00fcgen der besonderen Art bot die \u201eLatein aktiv\u201d-AG des H\u00fcmmling-Gymnasiums unter der kundigen Leitung von Frau T\u00f6ns den zahlreichen Zuschauern am 13. M\u00e4rz in der Aula. Es pr\u00e4sentierte sich die Cr\u00e8me de la Cr\u00e8me der olympischen G\u00f6tter in einer sehr modern anmutenden Talkrunde. Unter der Moderation von Valeria Valentina (souver\u00e4n pr\u00e4sentiert von Lena Bowen) [&hellip;]\n","protected":false},"author":2,"featured_media":0,"comment_status":"closed","ping_status":"closed","sticky":false,"template":"","format":"standard","meta":{"ngg_post_thumbnail":0,"footnotes":""},"categories":[6],"tags":[],"class_list":["post-7991","post","type-post","status-publish","format-standard","hentry","category-aus-der-schule-geplaudert"],"_links":{"self":[{"href":"https:\/\/www.forum-soegel.de\/information\/wp-json\/wp\/v2\/posts\/7991","targetHints":{"allow":["GET"]}}],"collection":[{"href":"https:\/\/www.forum-soegel.de\/information\/wp-json\/wp\/v2\/posts"}],"about":[{"href":"https:\/\/www.forum-soegel.de\/information\/wp-json\/wp\/v2\/types\/post"}],"author":[{"embeddable":true,"href":"https:\/\/www.forum-soegel.de\/information\/wp-json\/wp\/v2\/users\/2"}],"replies":[{"embeddable":true,"href":"https:\/\/www.forum-soegel.de\/information\/wp-json\/wp\/v2\/comments?post=7991"}],"version-history":[{"count":2,"href":"https:\/\/www.forum-soegel.de\/information\/wp-json\/wp\/v2\/posts\/7991\/revisions"}],"predecessor-version":[{"id":7994,"href":"https:\/\/www.forum-soegel.de\/information\/wp-json\/wp\/v2\/posts\/7991\/revisions\/7994"}],"wp:attachment":[{"href":"https:\/\/www.forum-soegel.de\/information\/wp-json\/wp\/v2\/media?parent=7991"}],"wp:term":[{"taxonomy":"category","embeddable":true,"href":"https:\/\/www.forum-soegel.de\/information\/wp-json\/wp\/v2\/categories?post=7991"},{"taxonomy":"post_tag","embeddable":true,"href":"https:\/\/www.forum-soegel.de\/information\/wp-json\/wp\/v2\/tags?post=7991"}],"curies":[{"name":"wp","href":"https:\/\/api.w.org\/{rel}","templated":true}]}}