{"id":7979,"date":"2012-05-01T00:10:22","date_gmt":"2012-04-30T22:10:22","guid":{"rendered":"https:\/\/www.forum-soegel.de\/information\/?p=7979"},"modified":"2012-04-29T12:36:19","modified_gmt":"2012-04-29T10:36:19","slug":"tatuu-tataa-die-kinder-aus-dem-sprachheilkindergarten-waren-da","status":"publish","type":"post","link":"https:\/\/www.forum-soegel.de\/information\/2012\/05\/tatuu-tataa-die-kinder-aus-dem-sprachheilkindergarten-waren-da\/","title":{"rendered":"Tat\u00fc\u00fc-Tataa, die Kinder aus dem Sprachheilkindergarten waren da!"},"content":{"rendered":"<p>Am 23.03.2012 besuchten wir, die Kinder der Igel- und Spatzen-Gruppe des Sprachheilkindergartens in S\u00f6gel, die Feuerwehr. Unsere Sch\u00fclerin Miriam Schnorrenberg organisierte diesen Termin mit Herrn Brand von der S\u00f6geler Feuerwehr.<\/p>\n<p>Am Morgen stieg dann die Vorfreude und Spannung, bis es nach dem Fr\u00fchst\u00fcck endlich losgehen konnte. Schon von Weitem konnten wir den gro\u00dfen roten Leiterwagen erkennen, der bereits vor dem Feuerwehr-Geb\u00e4ude parkte. Im Geb\u00e4ude selbst erwartete uns dann Herr Brand und erkl\u00e4rte uns sehr viele interessante Dinge \u00fcber die Arbeit als Feuerwehrmann. Er stellte uns auch viele Fragen, von denen wir sogar einige beantworten konnten. Besonders interessierten uns nat\u00fcrlich die gro\u00dfen Feuerwehrfahrzeuge mit den langen Schl\u00e4uchen, Werkzeugen, Sauerstoffger\u00e4ten usw. Wir haben echt gestaunt! Im Anschluss an die F\u00fchrung durch das Feuerwehrgeb\u00e4ude fuhr Herr Brand dann das gro\u00dfe Feuerwehrfahrzeug aus der Halle und stellte dabei auch das Blaulicht und die Sirene an\u2026Tat\u00fc\u00fc-Tataa\u2026wir mussten uns die Ohren zuhalten. Nun folgte das Highlight des Tages: Alle Kinder durften zun\u00e4chst Jacken und Helme der Jugendfeuerwehr anziehen. Wir schlossen einen Schlauch an den Hydranten an und dann ging es los: Jeder durfte einmal mit dem Feuerwehrschlauch \u00fcber das Gel\u00e4nde spritzen. Wir f\u00fchlten uns wie echte Feuerwehrm\u00e4nner! Alle hatten riesigen Spa\u00df, und Stefanie nasse F\u00fc\u00dfe\u2026<\/p>\n<p>Zur\u00fcck im Kindergarten hatten wir noch lange von unseren Erlebnissen zu erz\u00e4hlen. Vielen Dank noch einmal an Herrn Brand und an die Feuerwehr in S\u00f6gel. Wir kommen gerne wieder!<\/p>\n<p><a href=\"https:\/\/www.forum-soegel.de\/information\/wp-content\/uploads\/2012\/04\/IMG_3831.jpg\"><img loading=\"lazy\" decoding=\"async\" class=\"alignnone size-thumbnail wp-image-7980\" title=\"IMG_3831\" src=\"https:\/\/www.forum-soegel.de\/information\/wp-content\/uploads\/2012\/04\/IMG_3831-150x150.jpg\" alt=\"\" width=\"150\" height=\"150\" \/><\/a>\u00a0\u00a0<a href=\"https:\/\/www.forum-soegel.de\/information\/wp-content\/uploads\/2012\/04\/IMG_3832.jpg\"><img loading=\"lazy\" decoding=\"async\" class=\"alignnone size-thumbnail wp-image-7981\" title=\"IMG_3832\" src=\"https:\/\/www.forum-soegel.de\/information\/wp-content\/uploads\/2012\/04\/IMG_3832-150x150.jpg\" alt=\"\" width=\"150\" height=\"150\" \/><\/a>\u00a0\u00a0<a href=\"https:\/\/www.forum-soegel.de\/information\/wp-content\/uploads\/2012\/05\/IMG_3843.jpg\"><img loading=\"lazy\" decoding=\"async\" class=\"alignnone size-thumbnail wp-image-7986\" title=\"IMG_3843\" src=\"https:\/\/www.forum-soegel.de\/information\/wp-content\/uploads\/2012\/05\/IMG_3843-150x150.jpg\" alt=\"\" width=\"150\" height=\"150\" \/><\/a><\/p>\n<p><a href=\"https:\/\/www.forum-soegel.de\/information\/wp-content\/uploads\/2012\/04\/IMG_3833.jpg\"><img loading=\"lazy\" decoding=\"async\" class=\"alignnone size-thumbnail wp-image-7982\" title=\"IMG_3833\" src=\"https:\/\/www.forum-soegel.de\/information\/wp-content\/uploads\/2012\/04\/IMG_3833-150x150.jpg\" alt=\"\" width=\"150\" height=\"150\" \/><\/a>\u00a0\u00a0<a href=\"https:\/\/www.forum-soegel.de\/information\/wp-content\/uploads\/2012\/04\/IMG_3834.jpg\"><img loading=\"lazy\" decoding=\"async\" class=\"alignnone size-thumbnail wp-image-7983\" title=\"IMG_3834\" src=\"https:\/\/www.forum-soegel.de\/information\/wp-content\/uploads\/2012\/04\/IMG_3834-150x150.jpg\" alt=\"\" width=\"150\" height=\"150\" \/><\/a>\u00a0\u00a0<a href=\"https:\/\/www.forum-soegel.de\/information\/wp-content\/uploads\/2012\/05\/IMG_3858.jpg\"><img loading=\"lazy\" decoding=\"async\" class=\"alignnone size-thumbnail wp-image-7987\" title=\"IMG_3858\" src=\"https:\/\/www.forum-soegel.de\/information\/wp-content\/uploads\/2012\/05\/IMG_3858-150x150.jpg\" alt=\"\" width=\"150\" height=\"150\" \/><\/a><\/p>\n<p><a href=\"https:\/\/www.forum-soegel.de\/information\/wp-content\/uploads\/2012\/05\/P2240038.jpg\"><img loading=\"lazy\" decoding=\"async\" class=\"alignnone size-thumbnail wp-image-7988\" title=\"OLYMPUS DIGITAL CAMERA\" src=\"https:\/\/www.forum-soegel.de\/information\/wp-content\/uploads\/2012\/05\/P2240038-150x150.jpg\" alt=\"\" width=\"150\" height=\"150\" \/><\/a><\/p>\n<p>&nbsp;<\/p>\n<p>&nbsp;<\/p>\n","protected":false},"excerpt":{"rendered":"Am 23.03.2012 besuchten wir, die Kinder der Igel- und Spatzen-Gruppe des Sprachheilkindergartens in S\u00f6gel, die Feuerwehr. Unsere Sch\u00fclerin Miriam Schnorrenberg organisierte diesen Termin mit Herrn Brand von der S\u00f6geler Feuerwehr. Am Morgen stieg dann die Vorfreude und Spannung, bis es nach dem Fr\u00fchst\u00fcck endlich losgehen konnte. Schon von Weitem konnten wir den gro\u00dfen roten Leiterwagen [&hellip;]\n","protected":false},"author":2,"featured_media":0,"comment_status":"closed","ping_status":"closed","sticky":false,"template":"","format":"standard","meta":{"ngg_post_thumbnail":0,"footnotes":""},"categories":[3],"tags":[],"class_list":["post-7979","post","type-post","status-publish","format-standard","hentry","category-aktuelles-aus-der-region"],"_links":{"self":[{"href":"https:\/\/www.forum-soegel.de\/information\/wp-json\/wp\/v2\/posts\/7979","targetHints":{"allow":["GET"]}}],"collection":[{"href":"https:\/\/www.forum-soegel.de\/information\/wp-json\/wp\/v2\/posts"}],"about":[{"href":"https:\/\/www.forum-soegel.de\/information\/wp-json\/wp\/v2\/types\/post"}],"author":[{"embeddable":true,"href":"https:\/\/www.forum-soegel.de\/information\/wp-json\/wp\/v2\/users\/2"}],"replies":[{"embeddable":true,"href":"https:\/\/www.forum-soegel.de\/information\/wp-json\/wp\/v2\/comments?post=7979"}],"version-history":[{"count":4,"href":"https:\/\/www.forum-soegel.de\/information\/wp-json\/wp\/v2\/posts\/7979\/revisions"}],"predecessor-version":[{"id":7985,"href":"https:\/\/www.forum-soegel.de\/information\/wp-json\/wp\/v2\/posts\/7979\/revisions\/7985"}],"wp:attachment":[{"href":"https:\/\/www.forum-soegel.de\/information\/wp-json\/wp\/v2\/media?parent=7979"}],"wp:term":[{"taxonomy":"category","embeddable":true,"href":"https:\/\/www.forum-soegel.de\/information\/wp-json\/wp\/v2\/categories?post=7979"},{"taxonomy":"post_tag","embeddable":true,"href":"https:\/\/www.forum-soegel.de\/information\/wp-json\/wp\/v2\/tags?post=7979"}],"curies":[{"name":"wp","href":"https:\/\/api.w.org\/{rel}","templated":true}]}}