{"id":7975,"date":"2012-05-01T00:03:52","date_gmt":"2012-04-30T22:03:52","guid":{"rendered":"https:\/\/www.forum-soegel.de\/information\/?p=7975"},"modified":"2012-04-29T12:06:56","modified_gmt":"2012-04-29T10:06:56","slug":"generalversammlung-des-schutzenverein-sogel-von-1747-e-v-am-16-03-2012","status":"publish","type":"post","link":"https:\/\/www.forum-soegel.de\/information\/2012\/05\/generalversammlung-des-schutzenverein-sogel-von-1747-e-v-am-16-03-2012\/","title":{"rendered":"Generalversammlung des Sch\u00fctzenverein S\u00f6gel  von 1747 e.V. am 16.03.2012"},"content":{"rendered":"<p><strong>Programm zum S\u00f6geler Sch\u00fctzenfest 2012 wird neu aufgestellt!<\/strong><\/p>\n<p>Nach den Gru\u00dfworten des amtierenden Sch\u00fctzenk\u00f6nigs J\u00fcrgen Grote ging Oberst Heinz Robbers in seinem Jahresbericht vor allem auf die Neuerung der Progammfolge zum Sch\u00fctzenfest im Juli 2012 ein. In diesem Jahr werde am Sonntag nach dem traditionellen Antreten auf dem Ludmillenhof, dem Festmarsch und einer erstmals stattfindenden Kaffeetafel im Festzelt am Abend ab 20.00 Uhr ein Bayerischer Gaudiabend auf den S\u00f6geler Sch\u00fctzenwiesen mit den originalen\u00a0 \u201eSteigerwald Rebellen\u201c stattfinden. Der Montag beginnt, wie bisher, mit einem Gottesdienst, der Kranzniederlegung und dem Marsch zum Festplatz, wo das K\u00f6nigsschie\u00dfen stattfinde. Der Fr\u00fchschoppen werde dann nach der Inthronisierung des neuen K\u00f6nigs mit einem Platzkonzert unter der Begleitung der Kolping Kapelle fortgef\u00fchrt.<\/p>\n<p>Die K\u00f6niginnenfrage wurde indessen kontrovers diskutiert. Hintergrund der Diskussion war, dass es im Gegensatz zum bislang \u00fcblichen Verfahren m\u00f6glich ist, dass der Sch\u00fctzenk\u00f6nig auch seine Ehefrau als K\u00f6nigin erw\u00e4hlen darf. Das Thema soll in der kommenden Mitgliederversammlung debattiert werden.<\/p>\n<p>Vereinssportleiter Markus Wester vermeldete zahlreiche sportliche Erfolge der Sportsch\u00fctzen. Sie hatten sich auf Vereins-, Kreis-, Bezirks- und Landesebene sowie bei den Deutschen Meisterschaftren hervorragend in Szene gesetzt. Timo L\u00f6wer erzielte bei den Deutschen Meisterschaftren einen Platz im oberen Mittelfeld. Stephan Robbers erreichte im Finale der Deutschen Hochschulmeisterschaften Rang vier.<\/p>\n<p>Mit der goldenen Verdienstnadel des Kreissch\u00fctzenverbandes H\u00fcmmling zeichnete Kreispr\u00e4sident Bernhard Tholen Maria Robbers sen als Mitbegr\u00fcnderin der Frauenschie\u00dfgruppe und ihre seit 30 Jahren erzielten Erfolge aus. Maria Wind erhielt die Nadel f\u00fcr 25 Jahre Treue zur Damenschie\u00dfgruppe.<\/p>\n<p>Wilhelm Bahlmann wurde aufgrund seiner herausragenden Verdienste um den Verein zum Ehrenmitglied ernannt.<\/p>\n<p>Oberst Heinz Robbers \u00fcberreichte den Kompaniepokal an den Kompaniechef der I. Kompanie Martin Donhauser. Ehrenscheiben errangen: Thomas Weber (I. Kompanie), Brigitte Sunder (II.), Karl-Heinz Scholtyssek (III.) und Theo Krallmann (IV.).<\/p>\n<p>Text: Werner Brinkmann<\/p>\n<p>Foto: Willy Rave<\/p>\n<p><a href=\"https:\/\/www.forum-soegel.de\/information\/wp-content\/uploads\/2012\/04\/s\u00f6gel-sch\u00fctzenv-gv.jpg\"><img loading=\"lazy\" decoding=\"async\" class=\"alignnone size-thumbnail wp-image-7976\" title=\"s\u00f6gel sch\u00fctzenv gv\" src=\"https:\/\/www.forum-soegel.de\/information\/wp-content\/uploads\/2012\/04\/s\u00f6gel-sch\u00fctzenv-gv-150x150.jpg\" alt=\"\" width=\"150\" height=\"150\" \/><\/a><\/p>\n","protected":false},"excerpt":{"rendered":"Programm zum S\u00f6geler Sch\u00fctzenfest 2012 wird neu aufgestellt! Nach den Gru\u00dfworten des amtierenden Sch\u00fctzenk\u00f6nigs J\u00fcrgen Grote ging Oberst Heinz Robbers in seinem Jahresbericht vor allem auf die Neuerung der Progammfolge zum Sch\u00fctzenfest im Juli 2012 ein. In diesem Jahr werde am Sonntag nach dem traditionellen Antreten auf dem Ludmillenhof, dem Festmarsch und einer erstmals stattfindenden [&hellip;]\n","protected":false},"author":2,"featured_media":0,"comment_status":"closed","ping_status":"closed","sticky":false,"template":"","format":"standard","meta":{"ngg_post_thumbnail":0,"footnotes":""},"categories":[5],"tags":[],"class_list":["post-7975","post","type-post","status-publish","format-standard","hentry","category-was-machen-die-vereine"],"_links":{"self":[{"href":"https:\/\/www.forum-soegel.de\/information\/wp-json\/wp\/v2\/posts\/7975","targetHints":{"allow":["GET"]}}],"collection":[{"href":"https:\/\/www.forum-soegel.de\/information\/wp-json\/wp\/v2\/posts"}],"about":[{"href":"https:\/\/www.forum-soegel.de\/information\/wp-json\/wp\/v2\/types\/post"}],"author":[{"embeddable":true,"href":"https:\/\/www.forum-soegel.de\/information\/wp-json\/wp\/v2\/users\/2"}],"replies":[{"embeddable":true,"href":"https:\/\/www.forum-soegel.de\/information\/wp-json\/wp\/v2\/comments?post=7975"}],"version-history":[{"count":2,"href":"https:\/\/www.forum-soegel.de\/information\/wp-json\/wp\/v2\/posts\/7975\/revisions"}],"predecessor-version":[{"id":7978,"href":"https:\/\/www.forum-soegel.de\/information\/wp-json\/wp\/v2\/posts\/7975\/revisions\/7978"}],"wp:attachment":[{"href":"https:\/\/www.forum-soegel.de\/information\/wp-json\/wp\/v2\/media?parent=7975"}],"wp:term":[{"taxonomy":"category","embeddable":true,"href":"https:\/\/www.forum-soegel.de\/information\/wp-json\/wp\/v2\/categories?post=7975"},{"taxonomy":"post_tag","embeddable":true,"href":"https:\/\/www.forum-soegel.de\/information\/wp-json\/wp\/v2\/tags?post=7975"}],"curies":[{"name":"wp","href":"https:\/\/api.w.org\/{rel}","templated":true}]}}