{"id":7947,"date":"2012-05-01T00:33:51","date_gmt":"2012-04-30T22:33:51","guid":{"rendered":"https:\/\/www.forum-soegel.de\/information\/?p=7947"},"modified":"2012-04-29T11:35:30","modified_gmt":"2012-04-29T09:35:30","slug":"gemeinde-stiftet-sogeler-reitverein-ein-pony","status":"publish","type":"post","link":"https:\/\/www.forum-soegel.de\/information\/2012\/05\/gemeinde-stiftet-sogeler-reitverein-ein-pony\/","title":{"rendered":"Gemeinde stiftet S\u00f6geler Reitverein ein Pony"},"content":{"rendered":"<p>Die gute Nachricht zuerst: Die Gemeinde S\u00f6gel wird dem Reit- und Fahrverein (RFV) S\u00f6gel ein Pony spenden, damit dieser seine Jugendarbeit intensivieren und auch reitwilligen Ferienkindern ohne eigenes Pony ein attraktives Angebot machen kann.<\/p>\n<p>In der Generalversammlung des Vereins hatte Vorsitzender Bernhard Hinrichs im Namen des Vorstandes die Erh\u00f6hung der Geb\u00fchren ins Spiel gebracht. Mit dieser Ma\u00dfnahme solle verhindert werden, dass Mitglieder, die in einem anderen Verein Stammmitglied seien und unter dem fremden Vereinsnamen bei Turnieren starteten, f\u00fcr wenig Geld die Anlagen des S\u00f6geler Vereins zu Trainingszwecken nutzen k\u00f6nnten. Dieser Vorschlag l\u00f6ste eine halbst\u00fcndige kontroverse Debatte in der gut besuchten Versammlung aus.<\/p>\n<p>Als der Vorsitzende 150 Euro Jahresbeitrag als Diskussionsgrundlage f\u00fcr das erste Pferd als Geb\u00fchr in die Runde warf, erntete er zun\u00e4chst bei einigen Anwesenden massive Kritik. \u00a0Am Ende kam der Vorschlag aus der Versammlung, die Nutzungsgeb\u00fchren f\u00fcr das erste Pferd eines Nicht-Stammmitgliedes auf 200 Euro, f\u00fcr das zweite auf 150 Euro und f\u00fcr das dritte auf 100 Euro zu erh\u00f6hen. Alle weiteren Pferde sind geb\u00fchrenfrei. Der Vorschlag wurde mit deutlicher Mehrheit angenommen. Die Geb\u00fchren f\u00fcr Stammmitglieder des RFV S\u00f6gel standen nicht auf dem Pr\u00fcfstand.<\/p>\n<p>In seinem Jahresbericht ging Vorsitzender Hinrichs auf die H\u00f6hepunkte des Jahres 2011 ein. Den Berichten war zu entnehmen, dass der RFV S\u00f6gel im vergangenen Jahr Erfolge bei den Kreismeisterschaften im eigenen Stadion erzielte. Als erfolgreichste Reiter des Vereins wurden Madeline Kutscher (Klasse A und h\u00f6her), Imke Kuper (Klasse E) und Christin Kutscher (Reiterwettbewerb\/Springreiter) mit Pokalen ausgezeichnet.<\/p>\n<p>B\u00fcrgermeisterin Irmgard Welling dankte dem Verein f\u00fcr seine \u201eengagierte Jugendarbeit\u201c und die Imagesteigerung, die die Kommune durch den Verein in ganz Deutschland erfahre. Nach kurzer Beratung mit Gemeindedirektor G\u00fcnter Wigbers und ihrer Stellvertreterin Ulrike Hinrichs machte Welling dem Verein ein sch\u00f6nes Geschenk. Die Kommune stiftet dem RFV ein Schulpony.<\/p>\n<p>Im Zuge der Vorstandswahlen wurden zweiter Vorsitzender Werner Gerdes, Platzwart Alois Wester, Reitwartin Kerstin Knipper und Schriftf\u00fchrerin Elisabeth Kirschner einstimmig best\u00e4tigt. Neu im Vorstand ist Jugendwartin Melanie Rump. Den Festausschuss bilden Irmgard Gerdes, Margret Kirschner und Anna Heldermann.<\/p>\n<p>&nbsp;<\/p>\n<p>Text: Ems-Zeitung, Foto: Ingrid Cloppenburg<\/p>\n<div id=\"attachment_7948\" style=\"width: 310px\" class=\"wp-caption alignnone\"><a href=\"https:\/\/www.forum-soegel.de\/information\/wp-content\/uploads\/2012\/04\/RUF-S\u00f6gel-GV-2012.jpg\"><img loading=\"lazy\" decoding=\"async\" aria-describedby=\"caption-attachment-7948\" class=\"size-medium wp-image-7948\" title=\"RUF S\u00f6gel GV 2012\" src=\"https:\/\/www.forum-soegel.de\/information\/wp-content\/uploads\/2012\/04\/RUF-S\u00f6gel-GV-2012-300x225.jpg\" alt=\"\" width=\"300\" height=\"225\" srcset=\"https:\/\/www.forum-soegel.de\/information\/wp-content\/uploads\/2012\/04\/RUF-S\u00f6gel-GV-2012-300x225.jpg 300w, https:\/\/www.forum-soegel.de\/information\/wp-content\/uploads\/2012\/04\/RUF-S\u00f6gel-GV-2012.jpg 1024w\" sizes=\"auto, (max-width: 300px) 100vw, 300px\" \/><\/a><p id=\"caption-attachment-7948\" class=\"wp-caption-text\">Nahezu unver\u00e4ndert startet der Vorstand des Reit- und Fahrvereins S\u00f6gel in das neue Vereinsjahr.<\/p><\/div>\n","protected":false},"excerpt":{"rendered":"Die gute Nachricht zuerst: Die Gemeinde S\u00f6gel wird dem Reit- und Fahrverein (RFV) S\u00f6gel ein Pony spenden, damit dieser seine Jugendarbeit intensivieren und auch reitwilligen Ferienkindern ohne eigenes Pony ein attraktives Angebot machen kann. In der Generalversammlung des Vereins hatte Vorsitzender Bernhard Hinrichs im Namen des Vorstandes die Erh\u00f6hung der Geb\u00fchren ins Spiel gebracht. Mit [&hellip;]\n","protected":false},"author":2,"featured_media":0,"comment_status":"closed","ping_status":"closed","sticky":false,"template":"","format":"standard","meta":{"ngg_post_thumbnail":0,"footnotes":""},"categories":[5],"tags":[],"class_list":["post-7947","post","type-post","status-publish","format-standard","hentry","category-was-machen-die-vereine"],"_links":{"self":[{"href":"https:\/\/www.forum-soegel.de\/information\/wp-json\/wp\/v2\/posts\/7947","targetHints":{"allow":["GET"]}}],"collection":[{"href":"https:\/\/www.forum-soegel.de\/information\/wp-json\/wp\/v2\/posts"}],"about":[{"href":"https:\/\/www.forum-soegel.de\/information\/wp-json\/wp\/v2\/types\/post"}],"author":[{"embeddable":true,"href":"https:\/\/www.forum-soegel.de\/information\/wp-json\/wp\/v2\/users\/2"}],"replies":[{"embeddable":true,"href":"https:\/\/www.forum-soegel.de\/information\/wp-json\/wp\/v2\/comments?post=7947"}],"version-history":[{"count":2,"href":"https:\/\/www.forum-soegel.de\/information\/wp-json\/wp\/v2\/posts\/7947\/revisions"}],"predecessor-version":[{"id":7950,"href":"https:\/\/www.forum-soegel.de\/information\/wp-json\/wp\/v2\/posts\/7947\/revisions\/7950"}],"wp:attachment":[{"href":"https:\/\/www.forum-soegel.de\/information\/wp-json\/wp\/v2\/media?parent=7947"}],"wp:term":[{"taxonomy":"category","embeddable":true,"href":"https:\/\/www.forum-soegel.de\/information\/wp-json\/wp\/v2\/categories?post=7947"},{"taxonomy":"post_tag","embeddable":true,"href":"https:\/\/www.forum-soegel.de\/information\/wp-json\/wp\/v2\/tags?post=7947"}],"curies":[{"name":"wp","href":"https:\/\/api.w.org\/{rel}","templated":true}]}}