{"id":7945,"date":"2012-05-01T00:29:25","date_gmt":"2012-04-30T22:29:25","guid":{"rendered":"https:\/\/www.forum-soegel.de\/information\/?p=7945"},"modified":"2012-05-01T10:53:04","modified_gmt":"2012-05-01T08:53:04","slug":"kolping-sogel-stavern-starkt-engagement","status":"publish","type":"post","link":"https:\/\/www.forum-soegel.de\/information\/2012\/05\/kolping-sogel-stavern-starkt-engagement\/","title":{"rendered":"Kolping S\u00f6gel-Stavern st\u00e4rkt Engagement"},"content":{"rendered":"<p>Die Kolpingsfamilie S\u00f6gel-Stavern will ihr soziales Engagement noch weiter verst\u00e4rken. Diese Marschrichtung gab der einstimmig wiedergew\u00e4hlte Vorsitzende Karl-Heinz Kenning auf der Jahreshauptversammlung vor.<\/p>\n<p>Sowohl der gemeinsame Gottesdienst in der St.-Jakobus-Kirche als auch die Abwicklung der Tagesordnung wurde von der Kolpingkapelle mitgestaltet. Zu Beginn der Arbeitstagung im Alten Gasthaus Schr\u00f6er begr\u00fc\u00dfte der Vorsitzende Karl-Heinz Kenning vier neue Familienmitglieder.<\/p>\n<p>In seinem R\u00fcckblick hob er die markanten Ereignisse des letzten Veranstaltungskalenders hervor und erw\u00e4hnte unter anderem die Pilgerwanderungen von Esterwegen nach B\u00f6rger \u00fcber 30 Kilometer und die Fortsetzung von B\u00f6rger nach S\u00f6gel \u00fcber zw\u00f6lf Kilometer mit insgesamt 43 Teilnehmern, die Karfreitagswallfahrt nach Wietmarschen, die Teilnahme an der Kolping-Lichterprozession in Heede, sowie das Mitfeiern des Friedensgottesdienstes zusammen mit mehr als 500 Kolpingern auf dem Lagerfriedhof bei Esterwegen. An der von Margret M\u00f6heken organisierten Moselfahrt h\u00e4tten sich 36 Kolpinger aus S\u00f6gel und Stavern beteiligt. \u201eGut angekommen\u201c sei ein Fahrrad-Reparaturkurs f\u00fcr Frauen und eine Besichtigung der Oetker-Werke in Bielefeld. Die im abgelaufenen Jahr durchgef\u00fchrten Aktionen f\u00fcr soziale Zwecke sollen im kommenden Jahr verst\u00e4rkt werden, erkl\u00e4rte Kenning. F\u00fcr die Theatergruppe gab Manfred Ahrens, der nach 19 Jahren die Nachfolge von Willi Bahlmann als Leiter der Kolping-Laienspielschar angetreten hat, bekannt, dass die Auff\u00fchrungen des plattdeutschen St\u00fcckes \u201eRiep f\u00f6r Rimini\u201c insgesamt 506 Zuschauer angezogen habe.<\/p>\n<p>Jugendbeauftragter Martin M\u00f6dden berichtete, die Kooperation mit Jugendpfleger Wolfgang Knese trage bereits erste Fr\u00fcchte. Bei den Wahlen zum Vorstand wurden Vorsitzender Karl-Heinz Kenning, die Schriftf\u00fchrerin Maria Wilmes, sowie Beisitzerin Andrea Wessels auf ihren Posten best\u00e4tigt.<\/p>\n<p>S\u00f6gels B\u00fcrgermeisterin Irmgard Welling griff die Bekundung der Kolpingsfamilie, sich noch st\u00e4rker als bislang im sozialen Bereich einzusetzen, auf. Hilfen \u00fcber den Familienfonds, die Unterst\u00fctzung des Migrationsdienstes und die \u00dcbernahme von Patenschaften seien nur einige Beispiele daf\u00fcr, \u201edass hier ganz im Sinne von Adolf Kolping gearbeitet wird\u201c.<\/p>\n<p>Text\/Foto: Willi Rave Emszeitung<\/p>\n<p>&nbsp;<\/p>\n","protected":false},"excerpt":{"rendered":"Die Kolpingsfamilie S\u00f6gel-Stavern will ihr soziales Engagement noch weiter verst\u00e4rken. Diese Marschrichtung gab der einstimmig wiedergew\u00e4hlte Vorsitzende Karl-Heinz Kenning auf der Jahreshauptversammlung vor. Sowohl der gemeinsame Gottesdienst in der St.-Jakobus-Kirche als auch die Abwicklung der Tagesordnung wurde von der Kolpingkapelle mitgestaltet. Zu Beginn der Arbeitstagung im Alten Gasthaus Schr\u00f6er begr\u00fc\u00dfte der Vorsitzende Karl-Heinz Kenning vier [&hellip;]\n","protected":false},"author":2,"featured_media":0,"comment_status":"closed","ping_status":"closed","sticky":false,"template":"","format":"standard","meta":{"ngg_post_thumbnail":0,"footnotes":""},"categories":[868],"tags":[],"class_list":["post-7945","post","type-post","status-publish","format-standard","hentry","category-zwischen-himmel-und-erde"],"_links":{"self":[{"href":"https:\/\/www.forum-soegel.de\/information\/wp-json\/wp\/v2\/posts\/7945","targetHints":{"allow":["GET"]}}],"collection":[{"href":"https:\/\/www.forum-soegel.de\/information\/wp-json\/wp\/v2\/posts"}],"about":[{"href":"https:\/\/www.forum-soegel.de\/information\/wp-json\/wp\/v2\/types\/post"}],"author":[{"embeddable":true,"href":"https:\/\/www.forum-soegel.de\/information\/wp-json\/wp\/v2\/users\/2"}],"replies":[{"embeddable":true,"href":"https:\/\/www.forum-soegel.de\/information\/wp-json\/wp\/v2\/comments?post=7945"}],"version-history":[{"count":2,"href":"https:\/\/www.forum-soegel.de\/information\/wp-json\/wp\/v2\/posts\/7945\/revisions"}],"predecessor-version":[{"id":8029,"href":"https:\/\/www.forum-soegel.de\/information\/wp-json\/wp\/v2\/posts\/7945\/revisions\/8029"}],"wp:attachment":[{"href":"https:\/\/www.forum-soegel.de\/information\/wp-json\/wp\/v2\/media?parent=7945"}],"wp:term":[{"taxonomy":"category","embeddable":true,"href":"https:\/\/www.forum-soegel.de\/information\/wp-json\/wp\/v2\/categories?post=7945"},{"taxonomy":"post_tag","embeddable":true,"href":"https:\/\/www.forum-soegel.de\/information\/wp-json\/wp\/v2\/tags?post=7945"}],"curies":[{"name":"wp","href":"https:\/\/api.w.org\/{rel}","templated":true}]}}