{"id":7937,"date":"2012-05-01T00:24:30","date_gmt":"2012-04-30T22:24:30","guid":{"rendered":"https:\/\/www.forum-soegel.de\/information\/?p=7937"},"modified":"2012-04-29T11:28:55","modified_gmt":"2012-04-29T09:28:55","slug":"%e2%80%9epluspunkt-gesundheit%e2%80%9c","status":"publish","type":"post","link":"https:\/\/www.forum-soegel.de\/information\/2012\/05\/%e2%80%9epluspunkt-gesundheit%e2%80%9c\/","title":{"rendered":"\u201ePLUSPUNKT GESUNDHEIT\u201c"},"content":{"rendered":"<p style=\"text-align: left;\" align=\"center\"><strong>Auszeichnung des Deutschen Turnerbundes!<\/strong><\/p>\n<p align=\"center\"><strong><em>\u00a0<\/em><\/strong><\/p>\n<p><a href=\"https:\/\/www.forum-soegel.de\/information\/wp-content\/uploads\/2012\/05\/Qualit\u00e4tssiegel2.jpg\"><img loading=\"lazy\" decoding=\"async\" class=\"alignleft size-medium wp-image-7943\" title=\"Qualit\u00e4tssiegel\" src=\"https:\/\/www.forum-soegel.de\/information\/wp-content\/uploads\/2012\/05\/Qualit\u00e4tssiegel2-217x300.jpg\" alt=\"\" width=\"217\" height=\"300\" srcset=\"https:\/\/www.forum-soegel.de\/information\/wp-content\/uploads\/2012\/05\/Qualit\u00e4tssiegel2-217x300.jpg 217w, https:\/\/www.forum-soegel.de\/information\/wp-content\/uploads\/2012\/05\/Qualit\u00e4tssiegel2.jpg 557w\" sizes=\"auto, (max-width: 217px) 100vw, 217px\" \/><\/a>Besondere Auszeichnung f\u00fcr den SV Sigiltra S\u00f6gel und \u00dcbungsleiter Wilhelm B\u00fcter.<\/p>\n<p>Am 27. M\u00e4rz wurde das Qualit\u00e4tssiegel verliehen.<\/p>\n<p>Ausgezeichnet wurde der Verein f\u00fcr das Angebot der Abteilung \u201eGesundheitssport und Wirbels\u00e4ulensport (Reha).\u201c<\/p>\n<p>Gleichzeitig wurde der Verein mit dem G\u00fctesiegel \u201eSPORT PRO GESUNDHEIT\u201c ausgezeichnet, das der Deutsche Olympische Sportbund in Zusammenarbeit mit der Bundes\u00e4rztekammer f\u00fcr gesundheitsorientierte Sportangebote vergibt.<\/p>\n<p>Voraussetzung f\u00fcr die Auszeichnungen ist unter anderem, dass die Leitung der betreffenden Gruppen durch \u00dcbungsleiter mit spezifischen Sonderqualifikationen erfolgt, die teilweise weit \u00fcber die normale \u00dcbungsleiterausbildung hinausgehen.<\/p>\n<p>&nbsp;<\/p>\n<p>Gesundheitssport \u2013 \u201ekeine Frage des Alters\u201c<\/p>\n<p>&nbsp;<\/p>\n<p>Ob Bandscheibenvorfall, Ischias, Hexenschuss \u2013 es ist schon ein Kreuz mit dem Kreuz. Dabei spielt es auch keine Rolle, ob man 30 oder 70 Jahre alt ist.<\/p>\n<p>\u00dcbungsleiter Wilhelm B\u00fcter hilft, wenn\u2019s im R\u00fccken zwickt \u2013 nur der Nachwuchs macht Sorgen.<\/p>\n<p>Dieses Bewegungsangebot wird aufgrund der Qualifizierung und der fachlichen Kompetenz des \u00dcbungsleiters, sowie der Verleihung des Qualit\u00e4tssiegels PLUSPUNKT GESUNDHEIT.DTB von den Krankenkassen anerkannt.<\/p>\n<p>Es ist eine Auszeichnung f\u00fcr besondere Gesundheitssportangebote im Verein, die festgelegte Qualit\u00e4tskriterien erf\u00fcllen.<\/p>\n<p>Jedes Engagement im Bereich des Gesundheitssports verpflichtet zu Sorgfalt und Sensibilit\u00e4t im Umgang mit den zu betreuenden Menschen. Dies kann nur \u00fcber qualifizierte \u00dcbungsleiter gew\u00e4hrleistet werden, die \u00fcber notwendiges Fachwissen, \u00a0p\u00e4dagogisches Geschick und psychosoziales Einf\u00fchlungsverm\u00f6gen verf\u00fcgen und gleichzeitig spezielle inhaltliche Kriterien des Gesundheitssports ber\u00fccksichtigen.<\/p>\n<p>Dar\u00fcber hinaus m\u00fcssen organisatorische und r\u00e4umliche Rahmenbedingungen dem inhaltlichen Angebot entsprechen.<\/p>\n<p>Die Auszeichnung soll den Vereinen helfen, nach au\u00dfen deutlich zu machen, dass sie \u00fcber qualitativ hochwertige Angebote im Gesundheitssport verf\u00fcgen.<\/p>\n<p>Text: Wilhelm B\u00fcter Foto: KS<\/p>\n<p><a href=\"https:\/\/www.forum-soegel.de\/information\/wp-content\/uploads\/2012\/04\/Reha-WS-2012.jpg\"><img loading=\"lazy\" decoding=\"async\" class=\"alignnone size-medium wp-image-7938\" title=\"Reha WS 2012\" src=\"https:\/\/www.forum-soegel.de\/information\/wp-content\/uploads\/2012\/04\/Reha-WS-2012-300x200.jpg\" alt=\"\" width=\"300\" height=\"200\" srcset=\"https:\/\/www.forum-soegel.de\/information\/wp-content\/uploads\/2012\/04\/Reha-WS-2012-300x200.jpg 300w, https:\/\/www.forum-soegel.de\/information\/wp-content\/uploads\/2012\/04\/Reha-WS-2012.jpg 1024w\" sizes=\"auto, (max-width: 300px) 100vw, 300px\" \/><\/a><\/p>\n<p>&nbsp;<\/p>\n","protected":false},"excerpt":{"rendered":"Auszeichnung des Deutschen Turnerbundes! \u00a0 Besondere Auszeichnung f\u00fcr den SV Sigiltra S\u00f6gel und \u00dcbungsleiter Wilhelm B\u00fcter. Am 27. M\u00e4rz wurde das Qualit\u00e4tssiegel verliehen. Ausgezeichnet wurde der Verein f\u00fcr das Angebot der Abteilung \u201eGesundheitssport und Wirbels\u00e4ulensport (Reha).\u201c Gleichzeitig wurde der Verein mit dem G\u00fctesiegel \u201eSPORT PRO GESUNDHEIT\u201c ausgezeichnet, das der Deutsche Olympische Sportbund in Zusammenarbeit mit [&hellip;]\n","protected":false},"author":2,"featured_media":0,"comment_status":"closed","ping_status":"closed","sticky":false,"template":"","format":"standard","meta":{"ngg_post_thumbnail":0,"footnotes":""},"categories":[5],"tags":[],"class_list":["post-7937","post","type-post","status-publish","format-standard","hentry","category-was-machen-die-vereine"],"_links":{"self":[{"href":"https:\/\/www.forum-soegel.de\/information\/wp-json\/wp\/v2\/posts\/7937","targetHints":{"allow":["GET"]}}],"collection":[{"href":"https:\/\/www.forum-soegel.de\/information\/wp-json\/wp\/v2\/posts"}],"about":[{"href":"https:\/\/www.forum-soegel.de\/information\/wp-json\/wp\/v2\/types\/post"}],"author":[{"embeddable":true,"href":"https:\/\/www.forum-soegel.de\/information\/wp-json\/wp\/v2\/users\/2"}],"replies":[{"embeddable":true,"href":"https:\/\/www.forum-soegel.de\/information\/wp-json\/wp\/v2\/comments?post=7937"}],"version-history":[{"count":4,"href":"https:\/\/www.forum-soegel.de\/information\/wp-json\/wp\/v2\/posts\/7937\/revisions"}],"predecessor-version":[{"id":7940,"href":"https:\/\/www.forum-soegel.de\/information\/wp-json\/wp\/v2\/posts\/7937\/revisions\/7940"}],"wp:attachment":[{"href":"https:\/\/www.forum-soegel.de\/information\/wp-json\/wp\/v2\/media?parent=7937"}],"wp:term":[{"taxonomy":"category","embeddable":true,"href":"https:\/\/www.forum-soegel.de\/information\/wp-json\/wp\/v2\/categories?post=7937"},{"taxonomy":"post_tag","embeddable":true,"href":"https:\/\/www.forum-soegel.de\/information\/wp-json\/wp\/v2\/tags?post=7937"}],"curies":[{"name":"wp","href":"https:\/\/api.w.org\/{rel}","templated":true}]}}