{"id":7924,"date":"2012-05-01T00:17:31","date_gmt":"2012-04-30T22:17:31","guid":{"rendered":"https:\/\/www.forum-soegel.de\/information\/?p=7924"},"modified":"2012-05-01T10:53:37","modified_gmt":"2012-05-01T08:53:37","slug":"neuwahlen-bei-der-kfd-spahnharrenstatte","status":"publish","type":"post","link":"https:\/\/www.forum-soegel.de\/information\/2012\/05\/neuwahlen-bei-der-kfd-spahnharrenstatte\/","title":{"rendered":"Neuwahlen bei der kfd Spahnharrenst\u00e4tte"},"content":{"rendered":"<p>Rita Tieben wurde auf der diesj\u00e4hrigen Generalversammlung der kfd Spahnharrenst\u00e4tte einstimmig zur Vorsitzenden gew\u00e4hlt. Sie \u00fcbernahm das Amt von Maria Stevens, der in der Versammlung Dank und Anerkennung f\u00fcr die geleistete Arbeit ausgesprochen wurde. Als Schriftf\u00fchrerin wurde Thea Henschel neu in den Vorstand gew\u00e4hlt, sowie Renate Kleymann als Kassenwartin. Sie l\u00f6sten dabei Monika L\u00fcnswilken (ehemalige Schriftf\u00fchrerin) und Thea Hanekamp ab. In ihren Funktionen als Beisitzerinnen geh\u00f6ren Helga Bohlsen, Anne Horstmann und Maria Beusing dem Vorstand weiterhin an. Bernhardine Hermes hingegen schied als Beisitzerin aus. Alle Entscheidungen wurden einstimmig getroffen.<\/p>\n<p>&nbsp;<\/p>\n<p>Text\/Foto: Ingrid Cloppenburg<\/p>\n<div id=\"attachment_7925\" style=\"width: 310px\" class=\"wp-caption alignnone\"><a href=\"https:\/\/www.forum-soegel.de\/information\/wp-content\/uploads\/2012\/04\/KFD-Spahnh-GV-2012.jpg\"><img loading=\"lazy\" decoding=\"async\" aria-describedby=\"caption-attachment-7925\" class=\"size-medium wp-image-7925 \" title=\"KFD Spahnh GV 2012\" src=\"https:\/\/www.forum-soegel.de\/information\/wp-content\/uploads\/2012\/04\/KFD-Spahnh-GV-2012-300x200.jpg\" alt=\"\" width=\"300\" height=\"200\" srcset=\"https:\/\/www.forum-soegel.de\/information\/wp-content\/uploads\/2012\/04\/KFD-Spahnh-GV-2012-300x200.jpg 300w, https:\/\/www.forum-soegel.de\/information\/wp-content\/uploads\/2012\/04\/KFD-Spahnh-GV-2012.jpg 1024w\" sizes=\"auto, (max-width: 300px) 100vw, 300px\" \/><\/a><p id=\"caption-attachment-7925\" class=\"wp-caption-text\">Der alte und neue Vorstand der kfd Spahnharrenst\u00e4tte mit Pr\u00e4ses Pfarrer Bernhard Horstmann hat sich zum Gruppenfoto im Pfarrhaus der Katholischen Kirchengemeinde Spahnharrenst\u00e4tte eingefunden. V.l. Thea Henschel, Pr\u00e4ses Pfarrer Bernhard Horstmann, Rita Tieben, Renate Kleymann, Thea Hanekamp, Helga Bohlsen, Maria Stevens, Monika L\u00fcnswilken, Bernhardine Hermes, Anne Horstmann und Maria Beusing.<\/p><\/div>\n","protected":false},"excerpt":{"rendered":"Rita Tieben wurde auf der diesj\u00e4hrigen Generalversammlung der kfd Spahnharrenst\u00e4tte einstimmig zur Vorsitzenden gew\u00e4hlt. Sie \u00fcbernahm das Amt von Maria Stevens, der in der Versammlung Dank und Anerkennung f\u00fcr die geleistete Arbeit ausgesprochen wurde. Als Schriftf\u00fchrerin wurde Thea Henschel neu in den Vorstand gew\u00e4hlt, sowie Renate Kleymann als Kassenwartin. Sie l\u00f6sten dabei Monika L\u00fcnswilken (ehemalige [&hellip;]\n","protected":false},"author":2,"featured_media":0,"comment_status":"closed","ping_status":"closed","sticky":false,"template":"","format":"standard","meta":{"ngg_post_thumbnail":0,"footnotes":""},"categories":[868],"tags":[],"class_list":["post-7924","post","type-post","status-publish","format-standard","hentry","category-zwischen-himmel-und-erde"],"_links":{"self":[{"href":"https:\/\/www.forum-soegel.de\/information\/wp-json\/wp\/v2\/posts\/7924","targetHints":{"allow":["GET"]}}],"collection":[{"href":"https:\/\/www.forum-soegel.de\/information\/wp-json\/wp\/v2\/posts"}],"about":[{"href":"https:\/\/www.forum-soegel.de\/information\/wp-json\/wp\/v2\/types\/post"}],"author":[{"embeddable":true,"href":"https:\/\/www.forum-soegel.de\/information\/wp-json\/wp\/v2\/users\/2"}],"replies":[{"embeddable":true,"href":"https:\/\/www.forum-soegel.de\/information\/wp-json\/wp\/v2\/comments?post=7924"}],"version-history":[{"count":4,"href":"https:\/\/www.forum-soegel.de\/information\/wp-json\/wp\/v2\/posts\/7924\/revisions"}],"predecessor-version":[{"id":7927,"href":"https:\/\/www.forum-soegel.de\/information\/wp-json\/wp\/v2\/posts\/7924\/revisions\/7927"}],"wp:attachment":[{"href":"https:\/\/www.forum-soegel.de\/information\/wp-json\/wp\/v2\/media?parent=7924"}],"wp:term":[{"taxonomy":"category","embeddable":true,"href":"https:\/\/www.forum-soegel.de\/information\/wp-json\/wp\/v2\/categories?post=7924"},{"taxonomy":"post_tag","embeddable":true,"href":"https:\/\/www.forum-soegel.de\/information\/wp-json\/wp\/v2\/tags?post=7924"}],"curies":[{"name":"wp","href":"https:\/\/api.w.org\/{rel}","templated":true}]}}