{"id":7920,"date":"2012-05-01T00:15:12","date_gmt":"2012-04-30T22:15:12","guid":{"rendered":"https:\/\/www.forum-soegel.de\/information\/?p=7920"},"modified":"2012-04-29T11:17:07","modified_gmt":"2012-04-29T09:17:07","slug":"generalversammlung-der-schutzenkapelle","status":"publish","type":"post","link":"https:\/\/www.forum-soegel.de\/information\/2012\/05\/generalversammlung-der-schutzenkapelle\/","title":{"rendered":"Generalversammlung der Sch\u00fctzenkapelle"},"content":{"rendered":"<p>Am Samstag den 31. M\u00e4rz fand in L\u00fcns Hus die ordentliche Generalversammlung der Sch\u00fctzenkapelle St. Johannes Spahnharrenst\u00e4tte statt.<\/p>\n<p>Wie der Vorsitzende Bernd Deters sagte, war es \u201edas Jahr nach dem Jubil\u00e4um.\u201c In 2011 absolvierte die Kapelle 27 Auftritte.<\/p>\n<p>Die Sch\u00fctzenkapelle hat zurzeit 52 aktive Musiker und 62 F\u00f6rderkreismitglieder. Mit den F\u00f6rderkreisbeitr\u00e4gen wird die Ausbildung in der Sch\u00fctzenkapelle finanziert.<\/p>\n<p>Katrin Pl\u00fcster wurde als neues Mitglied in die Hauptkapelle \u00fcbernommen. Wie Jugendleiter Burkhard Becker dazu ausf\u00fchrte, w\u00fcrde es immer schwieriger, junge Musiker in die Hauptkapelle zu \u00fcbernehmen, da aufgrund der Ganztagsschule viele Kinder und Jugendliche keine Zeit mehr f\u00fcr regelm\u00e4\u00dfige Proben und Auftritte h\u00e4tten.<\/p>\n<p>Die Vorstandswahlen ergaben folgendes Ergebnis:<\/p>\n<p>1. Vorsitzender: Bernd Deters<\/p>\n<p>Kassenwart: Holger Kuper<\/p>\n<p>Jugendwart: Burkhard Becker<\/p>\n<p>stellv. Dirigentin: Marianne Kessens<\/p>\n<p>Notenwart: Thomas G\u00e4ken<\/p>\n<p>Im weiteren Verlauf der Versammlung wurden folgende Musiker f\u00fcr 10- j\u00e4hrige Mitgliedschaft geehrt:<\/p>\n<p>Rita Koning, Carolin Koning, Claudia Jansen und Bernd Hinrichs<\/p>\n<p>F\u00fcr 25 j\u00e4hrige Mitgliedschaft wurden geehrt:<\/p>\n<p>Tanja Kuper, Claudia Becker und Bernd Deters<\/p>\n<p>Zum Abschluss der Versammlung wurde Hans Jansen mit einem Pr\u00e4sent geehrt. Hans Jansen ist nach 28 Jahren aus dem Vorstand des Sch\u00fctzenvereins ausgeschieden und war in diesen Jahren ein gro\u00dfer F\u00f6rderer der Sch\u00fctzenkapelle.<\/p>\n<p>Text\/Foto: Werner R\u00fcdebusch \/SPH-V<\/p>\n<p><a href=\"https:\/\/www.forum-soegel.de\/information\/wp-content\/uploads\/2012\/04\/sks-25J.jpg\"><img loading=\"lazy\" decoding=\"async\" class=\"alignnone size-medium wp-image-7921\" title=\"sks-25J\" src=\"https:\/\/www.forum-soegel.de\/information\/wp-content\/uploads\/2012\/04\/sks-25J-300x200.jpg\" alt=\"\" width=\"300\" height=\"200\" srcset=\"https:\/\/www.forum-soegel.de\/information\/wp-content\/uploads\/2012\/04\/sks-25J-300x200.jpg 300w, https:\/\/www.forum-soegel.de\/information\/wp-content\/uploads\/2012\/04\/sks-25J.jpg 1024w\" sizes=\"auto, (max-width: 300px) 100vw, 300px\" \/><\/a><\/p>\n","protected":false},"excerpt":{"rendered":"Am Samstag den 31. M\u00e4rz fand in L\u00fcns Hus die ordentliche Generalversammlung der Sch\u00fctzenkapelle St. Johannes Spahnharrenst\u00e4tte statt. Wie der Vorsitzende Bernd Deters sagte, war es \u201edas Jahr nach dem Jubil\u00e4um.\u201c In 2011 absolvierte die Kapelle 27 Auftritte. Die Sch\u00fctzenkapelle hat zurzeit 52 aktive Musiker und 62 F\u00f6rderkreismitglieder. Mit den F\u00f6rderkreisbeitr\u00e4gen wird die Ausbildung in [&hellip;]\n","protected":false},"author":2,"featured_media":0,"comment_status":"closed","ping_status":"closed","sticky":false,"template":"","format":"standard","meta":{"ngg_post_thumbnail":0,"footnotes":""},"categories":[5],"tags":[],"class_list":["post-7920","post","type-post","status-publish","format-standard","hentry","category-was-machen-die-vereine"],"_links":{"self":[{"href":"https:\/\/www.forum-soegel.de\/information\/wp-json\/wp\/v2\/posts\/7920","targetHints":{"allow":["GET"]}}],"collection":[{"href":"https:\/\/www.forum-soegel.de\/information\/wp-json\/wp\/v2\/posts"}],"about":[{"href":"https:\/\/www.forum-soegel.de\/information\/wp-json\/wp\/v2\/types\/post"}],"author":[{"embeddable":true,"href":"https:\/\/www.forum-soegel.de\/information\/wp-json\/wp\/v2\/users\/2"}],"replies":[{"embeddable":true,"href":"https:\/\/www.forum-soegel.de\/information\/wp-json\/wp\/v2\/comments?post=7920"}],"version-history":[{"count":2,"href":"https:\/\/www.forum-soegel.de\/information\/wp-json\/wp\/v2\/posts\/7920\/revisions"}],"predecessor-version":[{"id":7923,"href":"https:\/\/www.forum-soegel.de\/information\/wp-json\/wp\/v2\/posts\/7920\/revisions\/7923"}],"wp:attachment":[{"href":"https:\/\/www.forum-soegel.de\/information\/wp-json\/wp\/v2\/media?parent=7920"}],"wp:term":[{"taxonomy":"category","embeddable":true,"href":"https:\/\/www.forum-soegel.de\/information\/wp-json\/wp\/v2\/categories?post=7920"},{"taxonomy":"post_tag","embeddable":true,"href":"https:\/\/www.forum-soegel.de\/information\/wp-json\/wp\/v2\/tags?post=7920"}],"curies":[{"name":"wp","href":"https:\/\/api.w.org\/{rel}","templated":true}]}}