{"id":7883,"date":"2012-05-01T00:27:15","date_gmt":"2012-04-30T22:27:15","guid":{"rendered":"https:\/\/www.forum-soegel.de\/information\/?p=7883"},"modified":"2012-04-29T10:42:51","modified_gmt":"2012-04-29T08:42:51","slug":"vor-40-jahren-der-bernhard-schule-ade-gesagt","status":"publish","type":"post","link":"https:\/\/www.forum-soegel.de\/information\/2012\/05\/vor-40-jahren-der-bernhard-schule-ade-gesagt\/","title":{"rendered":"Vor 40 Jahren der Bernhard-Schule &#8222;ade&#8220; gesagt"},"content":{"rendered":"<p style=\"text-align: left;\" align=\"center\">Zu einem kleinen Sektempfang in das damalige Klassenzimmer hatten die Organisatoren des Klassentreffens Heiner Timter, Hermann Windhaus und Bernhard Wahoff ihre ehemaligen Klassenkameradinnen und -kameraden eingeladen.<\/p>\n<p>Obwohl die Entlassung bereits 4 Jahrezehnte zur\u00fcck liegt, konnte sich bei der Besichtigung des Klassenzimmers, des Werkraumes und des Hauswirtschaftsraumes noch nahezu jeder daran erinnern wo er damals gesessen hatte oder an welchen Werkst\u00fccken damals gearbeitet wurde bzw. was damals in der K\u00fcche so gebruzzelt wurde.<\/p>\n<p>Bis tief in die Nacht wurde anschlie\u00dfend in der Gastst\u00e4tte T\u00e4lkers, Waldh\u00f6fe so manche Erinnerung aufgefrischt oder l\u00e4ngst Vergessenes wieder hervorgebracht.<\/p>\n<p>&nbsp;<\/p>\n<p>Text:GS<\/p>\n<p>Foto: Willi Rave<\/p>\n<p><a href=\"https:\/\/www.forum-soegel.de\/information\/wp-content\/uploads\/2012\/04\/vor-40-Jahren1.jpg\"><img loading=\"lazy\" decoding=\"async\" class=\"alignnone size-medium wp-image-7885\" title=\"vor 40 Jahren\" src=\"https:\/\/www.forum-soegel.de\/information\/wp-content\/uploads\/2012\/04\/vor-40-Jahren1-300x195.jpg\" alt=\"\" width=\"300\" height=\"195\" srcset=\"https:\/\/www.forum-soegel.de\/information\/wp-content\/uploads\/2012\/04\/vor-40-Jahren1-300x195.jpg 300w, https:\/\/www.forum-soegel.de\/information\/wp-content\/uploads\/2012\/04\/vor-40-Jahren1.jpg 1024w\" sizes=\"auto, (max-width: 300px) 100vw, 300px\" \/><\/a><\/p>\n","protected":false},"excerpt":{"rendered":"Zu einem kleinen Sektempfang in das damalige Klassenzimmer hatten die Organisatoren des Klassentreffens Heiner Timter, Hermann Windhaus und Bernhard Wahoff ihre ehemaligen Klassenkameradinnen und -kameraden eingeladen. Obwohl die Entlassung bereits 4 Jahrezehnte zur\u00fcck liegt, konnte sich bei der Besichtigung des Klassenzimmers, des Werkraumes und des Hauswirtschaftsraumes noch nahezu jeder daran erinnern wo er damals gesessen [&hellip;]\n","protected":false},"author":2,"featured_media":0,"comment_status":"closed","ping_status":"closed","sticky":false,"template":"","format":"standard","meta":{"ngg_post_thumbnail":0,"footnotes":""},"categories":[6],"tags":[],"class_list":["post-7883","post","type-post","status-publish","format-standard","hentry","category-aus-der-schule-geplaudert"],"_links":{"self":[{"href":"https:\/\/www.forum-soegel.de\/information\/wp-json\/wp\/v2\/posts\/7883","targetHints":{"allow":["GET"]}}],"collection":[{"href":"https:\/\/www.forum-soegel.de\/information\/wp-json\/wp\/v2\/posts"}],"about":[{"href":"https:\/\/www.forum-soegel.de\/information\/wp-json\/wp\/v2\/types\/post"}],"author":[{"embeddable":true,"href":"https:\/\/www.forum-soegel.de\/information\/wp-json\/wp\/v2\/users\/2"}],"replies":[{"embeddable":true,"href":"https:\/\/www.forum-soegel.de\/information\/wp-json\/wp\/v2\/comments?post=7883"}],"version-history":[{"count":3,"href":"https:\/\/www.forum-soegel.de\/information\/wp-json\/wp\/v2\/posts\/7883\/revisions"}],"predecessor-version":[{"id":7887,"href":"https:\/\/www.forum-soegel.de\/information\/wp-json\/wp\/v2\/posts\/7883\/revisions\/7887"}],"wp:attachment":[{"href":"https:\/\/www.forum-soegel.de\/information\/wp-json\/wp\/v2\/media?parent=7883"}],"wp:term":[{"taxonomy":"category","embeddable":true,"href":"https:\/\/www.forum-soegel.de\/information\/wp-json\/wp\/v2\/categories?post=7883"},{"taxonomy":"post_tag","embeddable":true,"href":"https:\/\/www.forum-soegel.de\/information\/wp-json\/wp\/v2\/tags?post=7883"}],"curies":[{"name":"wp","href":"https:\/\/api.w.org\/{rel}","templated":true}]}}