{"id":7877,"date":"2012-05-01T00:22:37","date_gmt":"2012-04-30T22:22:37","guid":{"rendered":"https:\/\/www.forum-soegel.de\/information\/?p=7877"},"modified":"2012-04-29T09:26:55","modified_gmt":"2012-04-29T07:26:55","slug":"schultennismeisterschaft-der-grundschule-st-johannes-spahnharrenstatte","status":"publish","type":"post","link":"https:\/\/www.forum-soegel.de\/information\/2012\/05\/schultennismeisterschaft-der-grundschule-st-johannes-spahnharrenstatte\/","title":{"rendered":"Schultennismeisterschaft der Grundschule St. Johannes Spahnharrenst\u00e4tte"},"content":{"rendered":"<p>Die Kinder der Grundschule St. Johannes in Spahnharrenst\u00e4tte nahmen am Freitag, dem 16.03.2012 an den Schultennismeisterschaften der Grundschulen im Rahmen des NTV-Schultennis-Cups teil.<\/p>\n<p>In Kooperation mit dem \u00f6rtlichen Tennisverein des DJK Spahnharrenst\u00e4tte unter der Regie von Frau Agnes Wigbers \u00a0wurde ein Low-T-Ball-Turnier f\u00fcr alle Sch\u00fcler und Sch\u00fclerinnen von Klasse 1 bis 4 in der Turnhalle durchgef\u00fchrt.<\/p>\n<p>Nach einer Einf\u00fchrung in die Spielart dieses \u201eKleinen Tennis mit dem gro\u00dfen Ball\u201c durch den Schultenniswart des Tennisbezirks Weser-Ems, Herrn Borchers, wurden auf 7 Spielfeldern von jeder Klasse die Jahrgangssieger- und siegerinnen ermittelt. Mit viel Freude und Spa\u00df konnte jedes Kind von Anfang an diese Art des \u201eKleinen Tennisspiels\u201c sofort ohne lange Erkl\u00e4rungen mitspielen.<\/p>\n<p>&nbsp;<\/p>\n<p>Bei der Siegerehrung erhielten schlie\u00dflich alle Erst- bis Viertplatzierten eine Urkunde, bzw. Medaille vom Tennisbezirk Weser-Ems.<\/p>\n<p>&nbsp;<\/p>\n<p>Die Jahrgangssieger\/innen haben sich au\u00dferdem f\u00fcr das Samtgemeindefinale im Mai in S\u00f6gel qualifiziert.<\/p>\n<p>&nbsp;<\/p>\n<p>Text: Annemarie Rode \/SPH-V\u00a0 Foto: Willi Wigbers \/SPH-V<\/p>\n<p><a href=\"https:\/\/www.forum-soegel.de\/information\/wp-content\/uploads\/2012\/04\/Schultennis1.jpg\"><img loading=\"lazy\" decoding=\"async\" class=\"alignnone size-thumbnail wp-image-7878\" title=\"Schultennis1\" src=\"https:\/\/www.forum-soegel.de\/information\/wp-content\/uploads\/2012\/04\/Schultennis1-150x150.jpg\" alt=\"\" width=\"150\" height=\"150\" \/><\/a><strong><em>\u00a0 \u00a0<a href=\"https:\/\/www.forum-soegel.de\/information\/wp-content\/uploads\/2012\/04\/Schultennis2.jpg\"><img loading=\"lazy\" decoding=\"async\" class=\"alignnone size-thumbnail wp-image-7879\" title=\"Schultennis2\" src=\"https:\/\/www.forum-soegel.de\/information\/wp-content\/uploads\/2012\/04\/Schultennis2-150x150.jpg\" alt=\"\" width=\"150\" height=\"150\" \/><\/a>\u00a0 \u00a0\u00a0<a href=\"https:\/\/www.forum-soegel.de\/information\/wp-content\/uploads\/2012\/04\/Schultennis3.jpg\"><img loading=\"lazy\" decoding=\"async\" class=\"alignnone size-thumbnail wp-image-7880\" title=\"Schultennis3\" src=\"https:\/\/www.forum-soegel.de\/information\/wp-content\/uploads\/2012\/04\/Schultennis3-150x150.jpg\" alt=\"\" width=\"150\" height=\"150\" \/><\/a><\/em><\/strong><\/p>\n","protected":false},"excerpt":{"rendered":"Die Kinder der Grundschule St. Johannes in Spahnharrenst\u00e4tte nahmen am Freitag, dem 16.03.2012 an den Schultennismeisterschaften der Grundschulen im Rahmen des NTV-Schultennis-Cups teil. In Kooperation mit dem \u00f6rtlichen Tennisverein des DJK Spahnharrenst\u00e4tte unter der Regie von Frau Agnes Wigbers \u00a0wurde ein Low-T-Ball-Turnier f\u00fcr alle Sch\u00fcler und Sch\u00fclerinnen von Klasse 1 bis 4 in der Turnhalle [&hellip;]\n","protected":false},"author":2,"featured_media":0,"comment_status":"closed","ping_status":"closed","sticky":false,"template":"","format":"standard","meta":{"ngg_post_thumbnail":0,"footnotes":""},"categories":[6],"tags":[],"class_list":["post-7877","post","type-post","status-publish","format-standard","hentry","category-aus-der-schule-geplaudert"],"_links":{"self":[{"href":"https:\/\/www.forum-soegel.de\/information\/wp-json\/wp\/v2\/posts\/7877","targetHints":{"allow":["GET"]}}],"collection":[{"href":"https:\/\/www.forum-soegel.de\/information\/wp-json\/wp\/v2\/posts"}],"about":[{"href":"https:\/\/www.forum-soegel.de\/information\/wp-json\/wp\/v2\/types\/post"}],"author":[{"embeddable":true,"href":"https:\/\/www.forum-soegel.de\/information\/wp-json\/wp\/v2\/users\/2"}],"replies":[{"embeddable":true,"href":"https:\/\/www.forum-soegel.de\/information\/wp-json\/wp\/v2\/comments?post=7877"}],"version-history":[{"count":2,"href":"https:\/\/www.forum-soegel.de\/information\/wp-json\/wp\/v2\/posts\/7877\/revisions"}],"predecessor-version":[{"id":7882,"href":"https:\/\/www.forum-soegel.de\/information\/wp-json\/wp\/v2\/posts\/7877\/revisions\/7882"}],"wp:attachment":[{"href":"https:\/\/www.forum-soegel.de\/information\/wp-json\/wp\/v2\/media?parent=7877"}],"wp:term":[{"taxonomy":"category","embeddable":true,"href":"https:\/\/www.forum-soegel.de\/information\/wp-json\/wp\/v2\/categories?post=7877"},{"taxonomy":"post_tag","embeddable":true,"href":"https:\/\/www.forum-soegel.de\/information\/wp-json\/wp\/v2\/tags?post=7877"}],"curies":[{"name":"wp","href":"https:\/\/api.w.org\/{rel}","templated":true}]}}