{"id":7875,"date":"2012-05-01T00:18:43","date_gmt":"2012-04-30T22:18:43","guid":{"rendered":"https:\/\/www.forum-soegel.de\/information\/?p=7875"},"modified":"2012-04-29T11:38:13","modified_gmt":"2012-04-29T09:38:13","slug":"junge-kunstler-stellen-sich-vor","status":"publish","type":"post","link":"https:\/\/www.forum-soegel.de\/information\/2012\/05\/junge-kunstler-stellen-sich-vor\/","title":{"rendered":"Junge K\u00fcnstler stellen sich vor!"},"content":{"rendered":"<p style=\"text-align: left;\" align=\"center\"><strong><em>Erste Ausstellung der Bilder von Sch\u00fclern des H\u00fcmmling-Gymnasiums im Rathaus<\/em><\/strong><em><\/em><\/p>\n<p align=\"center\"><em>\u00a0<\/em><\/p>\n<p>\u00a0\u201eEs lebe die Kunst!\u201c, mit diesen Worten er\u00f6ffnete Stina Kl\u00fcckmann, Kunstp\u00e4dagogin am H\u00fcmmling-Gymnasium S\u00f6gel, die Ausstellung im Ludmillenhof, dem Altbaufoyer des Rathauses der Samtgemeinde S\u00f6gel. Einen Monat lang k\u00f6nnen hier die Arbeiten der Sch\u00fclerinnen und Sch\u00fcler des Gymnasiums betrachtet werden.<\/p>\n<p>Der Erste Samtgemeinderat Hans Nowak hie\u00df die etwa 60 Sch\u00fclerinnen und Sch\u00fcler, sowie die G\u00e4ste im Rathaus willkommen. Er sprach den K\u00fcnstlern seine Anerkennung aus: \u201eAn diesen Bildern kann man nicht einfach vorbeigehen &#8211; sie fordern einen f\u00f6rmlich zum Verweilen und Betrachten auf.<\/p>\n<p>Je l\u00e4nger ich davor stehe, desto mehr habe ich eine Vermutung, welche Gedanken die Sch\u00fcler &#8211; die K\u00fcnstler &#8211; ausdr\u00fccken wollen. Es sind allesamt gelungene Werke, jedes Bild hat seinen eigenen Reiz.\u201c<\/p>\n<p>\u201eUnterschiedliche Themen sowie unterschiedliche Arbeitstechniken sollen einen Einblick in die Vielfalt de Kunstunterrichts geben und das Auge des Betrachters erfreuen, aber auch seine Kreativit\u00e4t anregen\u201c, so Kl\u00fcckmann in ihrer kurzen Einleitung zur Ausstellung. So besch\u00e4ftigte sich der Pr\u00fcfungskurs Jahrgang 11 im ersten Schulhalbjahr mit dem Thema Interieur.<\/p>\n<p>Der jahrgangs\u00fcbergreifende Grundkurs 11\/12 w\u00e4hlte hingegen das Thema \u201eStillleben- Verg\u00e4nglichkeit unserer Zeit.\u201c<\/p>\n<p>Der Wahlpflichtkurs der Klasse 10 ist mit Arbeiten zur \u201eInnenraumarchitektur\u201c vertreten. Die Sch\u00fcler eigneten sich theoretische Kenntnisse an und entwarfen anschlie\u00dfend eine Cafeteria mit einem Entspannungsbereich f\u00fcr eine Schule.<\/p>\n<p>Kl\u00fcckmann weiter in ihren Ausf\u00fchrungen: \u201eIn dieser Ausstellung zeigt sich, dass das Besch\u00e4ftigen mit k\u00fcnstlerischen Ausdrucksmitteln sich positiv auf die Entwicklung des in jedem Menschen sich befindenden Kreativit\u00e4tspotenzials auswirkt. Kreative Menschen werden mehr den je in allen Bereichen des Lebens ben\u00f6tigt.\u201c<\/p>\n<p>Seine Freude brachte ebenfalls Schulleiter Manfred Rojahn zum Ausdruck: \u201c Wir haben seit einer l\u00e4ngeren Pause erstmals wieder einen Abiturpr\u00fcfungskurs im Fach Kunst. Und ich bin zuversichtlich, dass neben der guten unterrichtlichen Arbeit auch diese M\u00f6glichkeiten einer \u00f6ffentlichen Ausstellung die Attraktivit\u00e4t solcher Kurse weiter erh\u00f6hen wird. Denn nat\u00fcrlich m\u00f6chte jeder K\u00fcnstler seine Werke gerne pr\u00e4sentieren. Daher danke ich der Samtgemeinde daf\u00fcr, dass sie uns ihr Foyer f\u00fcr die Ausstellung zur Verf\u00fcgung stellt und f\u00fcr die tatkr\u00e4ftige Unterst\u00fctzung der Kolleginnen und jungen K\u00fcnstler\/innen.\u201c<\/p>\n<p>&nbsp;<\/p>\n<p>Text\/Foto: Ingrid Cloppenburg Gemeinde<\/p>\n<p><a href=\"https:\/\/www.forum-soegel.de\/information\/wp-content\/uploads\/2012\/05\/Austellung-H\u00fcmGym.jpg\"><img loading=\"lazy\" decoding=\"async\" class=\"alignnone size-medium wp-image-7952\" title=\"Austellung H\u00fcmGym\" src=\"https:\/\/www.forum-soegel.de\/information\/wp-content\/uploads\/2012\/05\/Austellung-H\u00fcmGym-300x225.jpg\" alt=\"\" width=\"300\" height=\"225\" srcset=\"https:\/\/www.forum-soegel.de\/information\/wp-content\/uploads\/2012\/05\/Austellung-H\u00fcmGym-300x225.jpg 300w, https:\/\/www.forum-soegel.de\/information\/wp-content\/uploads\/2012\/05\/Austellung-H\u00fcmGym.jpg 1024w\" sizes=\"auto, (max-width: 300px) 100vw, 300px\" \/><\/a><\/p>\n<p>&nbsp;<\/p>\n","protected":false},"excerpt":{"rendered":"Erste Ausstellung der Bilder von Sch\u00fclern des H\u00fcmmling-Gymnasiums im Rathaus \u00a0 \u00a0\u201eEs lebe die Kunst!\u201c, mit diesen Worten er\u00f6ffnete Stina Kl\u00fcckmann, Kunstp\u00e4dagogin am H\u00fcmmling-Gymnasium S\u00f6gel, die Ausstellung im Ludmillenhof, dem Altbaufoyer des Rathauses der Samtgemeinde S\u00f6gel. Einen Monat lang k\u00f6nnen hier die Arbeiten der Sch\u00fclerinnen und Sch\u00fcler des Gymnasiums betrachtet werden. Der Erste Samtgemeinderat Hans [&hellip;]\n","protected":false},"author":2,"featured_media":0,"comment_status":"closed","ping_status":"closed","sticky":false,"template":"","format":"standard","meta":{"ngg_post_thumbnail":0,"footnotes":""},"categories":[6],"tags":[],"class_list":["post-7875","post","type-post","status-publish","format-standard","hentry","category-aus-der-schule-geplaudert"],"_links":{"self":[{"href":"https:\/\/www.forum-soegel.de\/information\/wp-json\/wp\/v2\/posts\/7875","targetHints":{"allow":["GET"]}}],"collection":[{"href":"https:\/\/www.forum-soegel.de\/information\/wp-json\/wp\/v2\/posts"}],"about":[{"href":"https:\/\/www.forum-soegel.de\/information\/wp-json\/wp\/v2\/types\/post"}],"author":[{"embeddable":true,"href":"https:\/\/www.forum-soegel.de\/information\/wp-json\/wp\/v2\/users\/2"}],"replies":[{"embeddable":true,"href":"https:\/\/www.forum-soegel.de\/information\/wp-json\/wp\/v2\/comments?post=7875"}],"version-history":[{"count":2,"href":"https:\/\/www.forum-soegel.de\/information\/wp-json\/wp\/v2\/posts\/7875\/revisions"}],"predecessor-version":[{"id":7953,"href":"https:\/\/www.forum-soegel.de\/information\/wp-json\/wp\/v2\/posts\/7875\/revisions\/7953"}],"wp:attachment":[{"href":"https:\/\/www.forum-soegel.de\/information\/wp-json\/wp\/v2\/media?parent=7875"}],"wp:term":[{"taxonomy":"category","embeddable":true,"href":"https:\/\/www.forum-soegel.de\/information\/wp-json\/wp\/v2\/categories?post=7875"},{"taxonomy":"post_tag","embeddable":true,"href":"https:\/\/www.forum-soegel.de\/information\/wp-json\/wp\/v2\/tags?post=7875"}],"curies":[{"name":"wp","href":"https:\/\/api.w.org\/{rel}","templated":true}]}}