{"id":7861,"date":"2012-05-01T00:02:55","date_gmt":"2012-04-30T22:02:55","guid":{"rendered":"https:\/\/www.forum-soegel.de\/information\/?p=7861"},"modified":"2012-04-28T21:06:21","modified_gmt":"2012-04-28T19:06:21","slug":"zwei-ausstellungen-uber-menschen-und-klischees","status":"publish","type":"post","link":"https:\/\/www.forum-soegel.de\/information\/2012\/05\/zwei-ausstellungen-uber-menschen-und-klischees\/","title":{"rendered":"Zwei Ausstellungen \u00fcber Menschen und Klischees"},"content":{"rendered":"<p style=\"text-align: left;\" align=\"center\"><strong>Emslandmuseum Schloss Clemenswerth startet in die<\/strong><br \/>\n<strong>Ausstellungssaison 2012<\/strong><\/p>\n<p>&nbsp;<\/p>\n<p><a href=\"https:\/\/www.forum-soegel.de\/information\/wp-content\/uploads\/2012\/05\/Wil20.jpg\"><img loading=\"lazy\" decoding=\"async\" class=\"alignleft size-thumbnail wp-image-7865\" title=\"Wil20\" src=\"https:\/\/www.forum-soegel.de\/information\/wp-content\/uploads\/2012\/05\/Wil20-150x150.jpg\" alt=\"\" width=\"150\" height=\"150\" \/><\/a>Am Samstag, dem 31. M\u00e4rz,<br \/>\nwurden die Ausstellungen \u201eKlischee-Fotos\u201c von Kirsten Wilmink (bis 03.06.)<br \/>\nsowie \u201eDie Menschen\u201c von Hilde W\u00fcrtheim (bis 31.10.) in der Reihe<br \/>\nForumFormClemenswerth am Emslandmuseum Schloss Clemenswerth er\u00f6ffnet. In beiden<br \/>\nAusstellungen steht der Mensch im Mittelpunkt der Kunstwerke, jedoch in<br \/>\nverschiedener Art und Weise. Zur Vernissage mit einem beeindruckenden musikalischen<br \/>\nBeitrag der jungen Anna Wassenberg konnte Museumsdirektor Oliver Fok an die<br \/>\nhundert interessierte G\u00e4ste begr\u00fc\u00dfen.<\/p>\n<p>&nbsp;<\/p>\n<p>In Fotografien besch\u00e4ftigt<br \/>\nsich Kirsten Wilmink mit Klischees \u00fcber Menschen, insbesondere \u00fcber Deutschland<br \/>\nund die Deutschen. Diese Vorurteile setzt die aus Nordhorn stammende K\u00fcnstlerin<br \/>\nmit viel Liebe zum Detail im Bild um. Die Arbeiten behandeln Themen aus dem<br \/>\nUmfeld von Kirsten Wilmink. So haben ein Teil der ausgestellten Bilder Schloss<br \/>\nClemenswerth als Sujet. Diese Arbeiten sind w\u00e4hrend des dreimonatigen<br \/>\nStudienaufenthaltes in der Gloriette im Rahmen ihres K\u00fcnstlerstipendiums der<br \/>\nEmsl\u00e4ndischen Landschaft entstanden. Dem Besucher der Ausstellung begegnet<br \/>\nbeispielsweise ein \u00fcberpenibler Gartenfreund, der fein s\u00e4uberlich Hecken zu<br \/>\nmonumentalen Figuren geschnitten hat. Kirsten Wilmink arbeitet in ihren Werken<br \/>\nmit \u00dcbertreibungen und hinterfragt damit die Klischees. Sie gibt aber keine<br \/>\nAntworten, sondern \u00fcberl\u00e4sst die Beurteilung dem Betrachter. Das Ergebnis ist<br \/>\neine Provokation, die unterschiedliche Reaktionen beim Rezipienten hervorruft.<br \/>\nJe nachdem wie weit sich der Besucher der Ausstellung auf die Inhalte einl\u00e4sst,<br \/>\nwerden die Bilder emp\u00f6ren, nachdenklich stimmen oder humorvoll zum Lachen<br \/>\nbringen. Ein gut bebilderter Katalog (8 \u20ac) wurde zur Ausstellung erstellt.<\/p>\n<p>Auf ganze andere Art und<br \/>\nWeise sprechen \u201eDie Menschen\u201c von Hilde W\u00fcrtheim die Besucher von Schloss<br \/>\nClemenswerth bis zum Saisonende am 31. Oktober an. Im Vergleich zu Kirsten<br \/>\nWilmink sind Hilde W\u00fcrtheims Protagonisten zur\u00fcckhaltend und schweigsam.<br \/>\nLebensgro\u00df, in grobem Ton geformt, gebrannt und in Pastellt\u00f6nen gefasst, gehen<br \/>\nsie einen leisen und stillen Dialog mit der barocken Anlage ein. Insgesamt<br \/>\nzeigt Hilde W\u00fcrtheim f\u00fcnfzehn Figuren, zwei davon auf einer der Inseln. Dabei<br \/>\ndominieren die weiblichen Figuren, die mit unterschiedlichen Utensilien und in<br \/>\nverschiedenen Sitzhaltungen dargestellt sind. Die W\u00fcrzburger K\u00fcnstlerin hat<br \/>\nihnen mal eine Handtasche oder einen Zigarrenstummel in die Hand gegeben. Durch<br \/>\nihre zur\u00fcckgenommene Gestik haben die Figuren eine starke Pr\u00e4senz und eine<br \/>\nwunderbare Wirkung: Sie laden den Spazierg\u00e4nger zum Verweilen auf Schloss<br \/>\nClemenswerth ein.\u00a0 So wurde in einer auf einem<br \/>\nSockel platzierten Gruppe ein Sitzplatz leer gelassen, der den Besucher zum<br \/>\nPlatznehmen einl\u00e4dt \u2013 und ein besonderes Erinnerungsfoto wert ist.<\/p>\n<p>&nbsp;<\/p>\n<p>Text\/Foto:<br \/>\nRamona Krohns<\/p>\n<div id=\"attachment_7862\" style=\"width: 310px\" class=\"wp-caption alignnone\"><a href=\"https:\/\/www.forum-soegel.de\/information\/wp-content\/uploads\/2012\/04\/wil0.jpg\"><img loading=\"lazy\" decoding=\"async\" aria-describedby=\"caption-attachment-7862\" class=\"size-medium wp-image-7862\" title=\"wil0\" src=\"https:\/\/www.forum-soegel.de\/information\/wp-content\/uploads\/2012\/04\/wil0-300x287.jpg\" alt=\"\" width=\"300\" height=\"287\" srcset=\"https:\/\/www.forum-soegel.de\/information\/wp-content\/uploads\/2012\/04\/wil0-300x287.jpg 300w, https:\/\/www.forum-soegel.de\/information\/wp-content\/uploads\/2012\/04\/wil0.jpg 802w\" sizes=\"auto, (max-width: 300px) 100vw, 300px\" \/><\/a><p id=\"caption-attachment-7862\" class=\"wp-caption-text\">Kirsten Wilmink, Oliver Fok und Hilde W\u00fcrtheim bei der Ausstellungser\u00f6ffnung.<\/p><\/div>\n","protected":false},"excerpt":{"rendered":"Emslandmuseum Schloss Clemenswerth startet in die Ausstellungssaison 2012 &nbsp; Am Samstag, dem 31. M\u00e4rz, wurden die Ausstellungen \u201eKlischee-Fotos\u201c von Kirsten Wilmink (bis 03.06.) sowie \u201eDie Menschen\u201c von Hilde W\u00fcrtheim (bis 31.10.) in der Reihe ForumFormClemenswerth am Emslandmuseum Schloss Clemenswerth er\u00f6ffnet. In beiden Ausstellungen steht der Mensch im Mittelpunkt der Kunstwerke, jedoch in verschiedener Art und [&hellip;]\n","protected":false},"author":2,"featured_media":0,"comment_status":"closed","ping_status":"closed","sticky":false,"template":"","format":"standard","meta":{"ngg_post_thumbnail":0,"footnotes":""},"categories":[3],"tags":[],"class_list":["post-7861","post","type-post","status-publish","format-standard","hentry","category-aktuelles-aus-der-region"],"_links":{"self":[{"href":"https:\/\/www.forum-soegel.de\/information\/wp-json\/wp\/v2\/posts\/7861","targetHints":{"allow":["GET"]}}],"collection":[{"href":"https:\/\/www.forum-soegel.de\/information\/wp-json\/wp\/v2\/posts"}],"about":[{"href":"https:\/\/www.forum-soegel.de\/information\/wp-json\/wp\/v2\/types\/post"}],"author":[{"embeddable":true,"href":"https:\/\/www.forum-soegel.de\/information\/wp-json\/wp\/v2\/users\/2"}],"replies":[{"embeddable":true,"href":"https:\/\/www.forum-soegel.de\/information\/wp-json\/wp\/v2\/comments?post=7861"}],"version-history":[{"count":3,"href":"https:\/\/www.forum-soegel.de\/information\/wp-json\/wp\/v2\/posts\/7861\/revisions"}],"predecessor-version":[{"id":7864,"href":"https:\/\/www.forum-soegel.de\/information\/wp-json\/wp\/v2\/posts\/7861\/revisions\/7864"}],"wp:attachment":[{"href":"https:\/\/www.forum-soegel.de\/information\/wp-json\/wp\/v2\/media?parent=7861"}],"wp:term":[{"taxonomy":"category","embeddable":true,"href":"https:\/\/www.forum-soegel.de\/information\/wp-json\/wp\/v2\/categories?post=7861"},{"taxonomy":"post_tag","embeddable":true,"href":"https:\/\/www.forum-soegel.de\/information\/wp-json\/wp\/v2\/tags?post=7861"}],"curies":[{"name":"wp","href":"https:\/\/api.w.org\/{rel}","templated":true}]}}