{"id":7853,"date":"2012-05-01T00:56:31","date_gmt":"2012-04-30T22:56:31","guid":{"rendered":"https:\/\/www.forum-soegel.de\/information\/?p=7853"},"modified":"2012-05-01T10:49:58","modified_gmt":"2012-05-01T08:49:58","slug":"pfingstzeltlager-2011-2012","status":"publish","type":"post","link":"https:\/\/www.forum-soegel.de\/information\/2012\/05\/pfingstzeltlager-2011-2012\/","title":{"rendered":"Pfingstzeltlager 2011 \/ 2012"},"content":{"rendered":"<p>Im letzten Jahr an Pfingsten fuhren 38 Kinder und 16 Gruppenleiter der Samtgemeinde S\u00f6gel mit dem Fahrrad nach Surwold. Dort schlugen sie f\u00fcr 5 Tage ihre Zelte auf. An diesen sonnigen Tagen unternahmen sie allerlei spannende und sch\u00f6ne Aktivit\u00e4ten, wie z.B. Schwimmen im Waldfreibad, Rutschen und Rodeln in Surwolds Wald, Gesellschaftsspiele auf dem Zeltplatz und \u00a0Wanderungen im Ort. Eingeteilt in kleine Gruppen, wurden sogar eine Dorfrallye und eine Kinderolympiade durchgef\u00fchrt. Die Nachtruhe wurde jeden Abend in gem\u00fctlicher Atmosph\u00e4re bei einem Lagerfeuer mit \u00a0Liedern eingel\u00e4utet. Am letzten Abend des Pfingstzeltlagers feierten alle eine gro\u00dfe Lagerparty. Die Kinder und auch die Gruppenleiter hatten w\u00e4hrend des gesamten Lagers sehr viel Spa\u00df.<br \/>\nAuch in diesem Jahr m\u00f6chten die Gruppenleiter und auch die Lagerleitung mit allen Kindern ( 7-13 Jahre) ein Pfingstzeltlager starten. Beginn ist am Freitag, den 25.05.2012 bis Dienstag, den 29.05.2012. Der Zeltplatz in Vrees wird das Ziel sein.<\/p>\n<p>Anmeldeformulare liegen in der St.Jakobus Kirche , im St. Jakobus Haus und im Pfarrb\u00fcro aus und k\u00f6nnen im Pfarrb\u00fcro S\u00f6gel abgegeben werden.<br \/>\nWir freuen uns auf Euch !! \u00a0Eure Gruppenleiter<\/p>\n<p>Text\/Foto: Petra Nortmann<\/p>\n<p><a href=\"https:\/\/www.forum-soegel.de\/information\/wp-content\/uploads\/2012\/05\/IMG_0100.jpg\"><img loading=\"lazy\" decoding=\"async\" class=\"alignnone size-thumbnail wp-image-8017\" title=\"IMG_0100\" src=\"https:\/\/www.forum-soegel.de\/information\/wp-content\/uploads\/2012\/05\/IMG_0100-150x150.jpg\" alt=\"\" width=\"150\" height=\"150\" \/><\/a>\u00a0\u00a0<a href=\"https:\/\/www.forum-soegel.de\/information\/wp-content\/uploads\/2012\/05\/IMG_0142.jpg\"><img loading=\"lazy\" decoding=\"async\" class=\"alignnone size-thumbnail wp-image-8018\" title=\"IMG_0142\" src=\"https:\/\/www.forum-soegel.de\/information\/wp-content\/uploads\/2012\/05\/IMG_0142-150x150.jpg\" alt=\"\" width=\"150\" height=\"150\" \/><\/a><\/p>\n<p><a href=\"https:\/\/www.forum-soegel.de\/information\/wp-content\/uploads\/2012\/05\/IMG_0176.jpg\"><img loading=\"lazy\" decoding=\"async\" class=\"alignnone size-thumbnail wp-image-8019\" title=\"IMG_0176\" src=\"https:\/\/www.forum-soegel.de\/information\/wp-content\/uploads\/2012\/05\/IMG_0176-150x150.jpg\" alt=\"\" width=\"150\" height=\"150\" \/><\/a>\u00a0\u00a0<a href=\"https:\/\/www.forum-soegel.de\/information\/wp-content\/uploads\/2012\/05\/IMG_0190.jpg\"><img loading=\"lazy\" decoding=\"async\" class=\"alignnone size-thumbnail wp-image-8020\" title=\"IMG_0190\" src=\"https:\/\/www.forum-soegel.de\/information\/wp-content\/uploads\/2012\/05\/IMG_0190-150x150.jpg\" alt=\"\" width=\"150\" height=\"150\" \/><\/a><\/p>\n<p>&nbsp;<\/p>\n<p>&nbsp;<\/p>\n<p>&nbsp;<\/p>\n","protected":false},"excerpt":{"rendered":"Im letzten Jahr an Pfingsten fuhren 38 Kinder und 16 Gruppenleiter der Samtgemeinde S\u00f6gel mit dem Fahrrad nach Surwold. Dort schlugen sie f\u00fcr 5 Tage ihre Zelte auf. An diesen sonnigen Tagen unternahmen sie allerlei spannende und sch\u00f6ne Aktivit\u00e4ten, wie z.B. Schwimmen im Waldfreibad, Rutschen und Rodeln in Surwolds Wald, Gesellschaftsspiele auf dem Zeltplatz und [&hellip;]\n","protected":false},"author":2,"featured_media":0,"comment_status":"closed","ping_status":"closed","sticky":false,"template":"","format":"standard","meta":{"ngg_post_thumbnail":0,"footnotes":""},"categories":[868],"tags":[],"class_list":["post-7853","post","type-post","status-publish","format-standard","hentry","category-zwischen-himmel-und-erde"],"_links":{"self":[{"href":"https:\/\/www.forum-soegel.de\/information\/wp-json\/wp\/v2\/posts\/7853","targetHints":{"allow":["GET"]}}],"collection":[{"href":"https:\/\/www.forum-soegel.de\/information\/wp-json\/wp\/v2\/posts"}],"about":[{"href":"https:\/\/www.forum-soegel.de\/information\/wp-json\/wp\/v2\/types\/post"}],"author":[{"embeddable":true,"href":"https:\/\/www.forum-soegel.de\/information\/wp-json\/wp\/v2\/users\/2"}],"replies":[{"embeddable":true,"href":"https:\/\/www.forum-soegel.de\/information\/wp-json\/wp\/v2\/comments?post=7853"}],"version-history":[{"count":5,"href":"https:\/\/www.forum-soegel.de\/information\/wp-json\/wp\/v2\/posts\/7853\/revisions"}],"predecessor-version":[{"id":8026,"href":"https:\/\/www.forum-soegel.de\/information\/wp-json\/wp\/v2\/posts\/7853\/revisions\/8026"}],"wp:attachment":[{"href":"https:\/\/www.forum-soegel.de\/information\/wp-json\/wp\/v2\/media?parent=7853"}],"wp:term":[{"taxonomy":"category","embeddable":true,"href":"https:\/\/www.forum-soegel.de\/information\/wp-json\/wp\/v2\/categories?post=7853"},{"taxonomy":"post_tag","embeddable":true,"href":"https:\/\/www.forum-soegel.de\/information\/wp-json\/wp\/v2\/tags?post=7853"}],"curies":[{"name":"wp","href":"https:\/\/api.w.org\/{rel}","templated":true}]}}