{"id":7850,"date":"2012-05-01T00:55:10","date_gmt":"2012-04-30T22:55:10","guid":{"rendered":"https:\/\/www.forum-soegel.de\/information\/?p=7850"},"modified":"2012-04-29T11:45:56","modified_gmt":"2012-04-29T09:45:56","slug":"museumsnacht-auf-schloss-clemenswerth","status":"publish","type":"post","link":"https:\/\/www.forum-soegel.de\/information\/2012\/05\/museumsnacht-auf-schloss-clemenswerth\/","title":{"rendered":"Museumsnacht auf Schloss Clemenswerth"},"content":{"rendered":"<p>Am Samstag, dem 12. Mai, \u00f6ffnet Schloss Clemenswerth zur Museumsnacht seine T\u00fcren wieder in den Abendstunden. Die Veranstaltung findet in diesem Jahr erstmals in Kooperation mit dem Touristikverein S\u00f6gel e.V. statt. Von 19 bis 23 Uhr erwartet Erwachsene und Kinder auf der barocken Anlage ein kurzweiliges und abwechslungsreiches Programm aus Musik, Mitmachaktionen und F\u00fchrungen. Ein besonderer H\u00f6hepunkt wird der Auftritt der Meppener Jazzband SECCO sein, die bereits in den letzten Jahren f\u00fcr musikalische Untermalung beim Kunstmarkt ParkArt gesorgt hat.<\/p>\n<p>Mit Eigenkompositionen schafft \u00a0SECCO mit Schlagzeug, Saxophon und Piano zur Museumsnacht die unterschiedlichsten Klangbilder, die wunderbar mit dem im sph\u00e4rischen Licht getauchten Schloss harmonieren. Weiterhin gibt der \u201eSingkreis S\u00f6gel\u201c mit Liedern, die zu Herzen gehen, am besonderen Ort Einblick in sein Repertoire. Mit der \u00d6ffnung des Zentralpavillons, sowie einzelner Ausstellungspavillons macht die Museumsnacht ihrem Namen auch alle Ehre. So haben Besucher die M\u00f6glichkeit, den Museums- und den Kinderfilm, aber auch den Trickfilm \u201ePan und Toffeline\u201c zu sehen.<\/p>\n<p>Die sehr sehenswerte Fotoausstellung \u201eKlischee-Fotos\u201c im Pavillon Clemens August l\u00e4dt zum Schmunzeln ein, und Kurzf\u00fchrungen durch die Sonderausstellung zum 275. Schlossjubil\u00e4um \u201eHunderter H\u00e4nde Arbeit\u201c, sowie in sonst nicht zug\u00e4nglichen R\u00e4umen er\u00f6ffnen neue, spannende Perspektiven. Bei einer Schminkaktion mit Fotosession\u00a0 bekommen Kinder und Erwachsene eine besondere \u201ebarocke Erinnerung\u201c von der Museumsnacht.<\/p>\n<p>Der genaue Programmablauf der Museumsnacht wird rechtzeitig im Internet unter www.clemenswerth.de, sowie in der Tagespresse bekannt gegeben. Das Restaurant \u201eSchlosskeller Clemenswerth\u201c sorgt f\u00fcr das leibliche Wohl. Der Eintritt zur Museumsnacht kostet f\u00fcr Erwachsene 10 \u20ac, f\u00fcr Kinder 5 \u20ac und f\u00fcr Familien 25 \u20ac. Karten sind im Vorverkauf an der Museumskasse, sowie bei der Tourist-Information S\u00f6gel (Am Markt 2) erh\u00e4ltlich.<\/p>\n<p>&nbsp;<\/p>\n<p>Text\/ Foto: Ramona Krons<\/p>\n<p><a href=\"https:\/\/www.forum-soegel.de\/information\/wp-content\/uploads\/2012\/04\/Museumsnacht.jpg\"><img loading=\"lazy\" decoding=\"async\" class=\"alignnone size-medium wp-image-7851\" title=\"Museumsnacht\" src=\"https:\/\/www.forum-soegel.de\/information\/wp-content\/uploads\/2012\/04\/Museumsnacht-300x200.jpg\" alt=\"\" width=\"300\" height=\"200\" srcset=\"https:\/\/www.forum-soegel.de\/information\/wp-content\/uploads\/2012\/04\/Museumsnacht-300x200.jpg 300w, https:\/\/www.forum-soegel.de\/information\/wp-content\/uploads\/2012\/04\/Museumsnacht.jpg 1024w\" sizes=\"auto, (max-width: 300px) 100vw, 300px\" \/><\/a><\/p>\n","protected":false},"excerpt":{"rendered":"Am Samstag, dem 12. Mai, \u00f6ffnet Schloss Clemenswerth zur Museumsnacht seine T\u00fcren wieder in den Abendstunden. Die Veranstaltung findet in diesem Jahr erstmals in Kooperation mit dem Touristikverein S\u00f6gel e.V. statt. Von 19 bis 23 Uhr erwartet Erwachsene und Kinder auf der barocken Anlage ein kurzweiliges und abwechslungsreiches Programm aus Musik, Mitmachaktionen und F\u00fchrungen. Ein [&hellip;]\n","protected":false},"author":2,"featured_media":0,"comment_status":"closed","ping_status":"closed","sticky":false,"template":"","format":"standard","meta":{"ngg_post_thumbnail":0,"footnotes":""},"categories":[3],"tags":[],"class_list":["post-7850","post","type-post","status-publish","format-standard","hentry","category-aktuelles-aus-der-region"],"_links":{"self":[{"href":"https:\/\/www.forum-soegel.de\/information\/wp-json\/wp\/v2\/posts\/7850","targetHints":{"allow":["GET"]}}],"collection":[{"href":"https:\/\/www.forum-soegel.de\/information\/wp-json\/wp\/v2\/posts"}],"about":[{"href":"https:\/\/www.forum-soegel.de\/information\/wp-json\/wp\/v2\/types\/post"}],"author":[{"embeddable":true,"href":"https:\/\/www.forum-soegel.de\/information\/wp-json\/wp\/v2\/users\/2"}],"replies":[{"embeddable":true,"href":"https:\/\/www.forum-soegel.de\/information\/wp-json\/wp\/v2\/comments?post=7850"}],"version-history":[{"count":3,"href":"https:\/\/www.forum-soegel.de\/information\/wp-json\/wp\/v2\/posts\/7850\/revisions"}],"predecessor-version":[{"id":7957,"href":"https:\/\/www.forum-soegel.de\/information\/wp-json\/wp\/v2\/posts\/7850\/revisions\/7957"}],"wp:attachment":[{"href":"https:\/\/www.forum-soegel.de\/information\/wp-json\/wp\/v2\/media?parent=7850"}],"wp:term":[{"taxonomy":"category","embeddable":true,"href":"https:\/\/www.forum-soegel.de\/information\/wp-json\/wp\/v2\/categories?post=7850"},{"taxonomy":"post_tag","embeddable":true,"href":"https:\/\/www.forum-soegel.de\/information\/wp-json\/wp\/v2\/tags?post=7850"}],"curies":[{"name":"wp","href":"https:\/\/api.w.org\/{rel}","templated":true}]}}