{"id":7843,"date":"2012-05-01T00:51:30","date_gmt":"2012-04-30T22:51:30","guid":{"rendered":"https:\/\/www.forum-soegel.de\/information\/?p=7843"},"modified":"2012-04-29T13:28:13","modified_gmt":"2012-04-29T11:28:13","slug":"eine-kostumfuhrung-auf-dem-trockenen-fur-senioren","status":"publish","type":"post","link":"https:\/\/www.forum-soegel.de\/information\/2012\/05\/eine-kostumfuhrung-auf-dem-trockenen-fur-senioren\/","title":{"rendered":"Eine Kost\u00fcmf\u00fchrung auf dem Trockenen f\u00fcr Senioren"},"content":{"rendered":"<p>Bereits zum zweiten Mal verlie\u00df das Clemenswerther \u201eDienstpersonal\u201c die Schlossanlage, um in Seniorenanlagen in S\u00f6gel vom Leben am Schloss zu berichten. \u201eAnna\u201c (Heike Kramer), die S\u00f6geler Dienstmagd niederen Standes, kam im historischen Gewand und Holzmolle, zudem ausger\u00fcstet mit Laptop und einer reich bebilderten Pr\u00e4sentation in den Vortragsraum der Seniorenwohnanlage Schlossallee, der bereits im M\u00e4rz \u00f6sterlich geschm\u00fcckt war. Dort berichtete sie von der Schlossgeschichte bis zu den neusten Entwicklungen im Emslandmuseum Schloss Clemenswerth.<\/p>\n<p>Den Vortrag lebendig kommentierend und sichtlich beeindruckt vom bunten Treiben auf \u201eihrem\u201c Schloss, erg\u00e4nzten einige Zuh\u00f6rer unterhaltsame Clemenswerther Anekdoten aus ihrer Kinder- und Jugendzeit, mit denen selbst das Schlosspersonal nicht dienen konnte. Danach ging es anhand der gezeigten Bilder \u00fcber die Schlossanlage und durch das Hauptschloss.<\/p>\n<p>Diese \u201eKost\u00fcmf\u00fchrung auf dem Trockenen\u201c erm\u00f6glichte es den Senioren, auf komfortable Weise \u00fcber die historische Schlossanlage in einer besonders lebendigen Art gef\u00fchrt zu werden.<\/p>\n<p>Der erste Vortrag dieser Art fand in der Vorweihnachtszeit des letzten Jahres im Caritas- Seniorenzentrum Haus Simeon statt. Dort allerdings hatte die S\u00f6geler Dienstmagd Unterst\u00fctzung durch das feinere Schokoladenm\u00e4dchen \u201eMarie\u201c (Ulrike Hinrichs) vom Hofe des Clemens August in Br\u00fchl. Beide Male war die Resonanz durchweg positiv, und das Dienstpersonal freute sich \u00fcber viel Zuspruch und Anerkennung, was es sonst w\u00e4hrend der Jagdsaison als Teil der gro\u00dfen Schar der Bediensteten des Clemens August nat\u00fcrlich nicht ansatzweise erleben darf!<\/p>\n<p>&nbsp;<\/p>\n<p>Text: Heike Kramer<\/p>\n<div id=\"attachment_7844\" style=\"width: 310px\" class=\"wp-caption alignnone\"><a href=\"https:\/\/www.forum-soegel.de\/information\/wp-content\/uploads\/2012\/04\/Eine-kost\u00fcmf\u00fchrung1.jpg\"><img loading=\"lazy\" decoding=\"async\" aria-describedby=\"caption-attachment-7844\" class=\"size-medium wp-image-7844\" title=\"Eine kost\u00fcmf\u00fchrung1\" src=\"https:\/\/www.forum-soegel.de\/information\/wp-content\/uploads\/2012\/04\/Eine-kost\u00fcmf\u00fchrung1-300x225.jpg\" alt=\"\" width=\"300\" height=\"225\" srcset=\"https:\/\/www.forum-soegel.de\/information\/wp-content\/uploads\/2012\/04\/Eine-kost\u00fcmf\u00fchrung1-300x225.jpg 300w, https:\/\/www.forum-soegel.de\/information\/wp-content\/uploads\/2012\/04\/Eine-kost\u00fcmf\u00fchrung1.jpg 1024w\" sizes=\"auto, (max-width: 300px) 100vw, 300px\" \/><\/a><p id=\"caption-attachment-7844\" class=\"wp-caption-text\">Dienstmagd Anna (Heike Kramer) und Schokoladenm\u00e4dchen Marie (Ulrike Hinrichs)<\/p><\/div>\n<p><a href=\"https:\/\/www.forum-soegel.de\/information\/wp-content\/uploads\/2012\/05\/eine-kost\u00fcmf\u00fchrung21.jpg\"><img loading=\"lazy\" decoding=\"async\" class=\"alignnone size-medium wp-image-7995\" title=\"eine kost\u00fcmf\u00fchrung2\" src=\"https:\/\/www.forum-soegel.de\/information\/wp-content\/uploads\/2012\/05\/eine-kost\u00fcmf\u00fchrung21-300x225.jpg\" alt=\"\" width=\"300\" height=\"225\" srcset=\"https:\/\/www.forum-soegel.de\/information\/wp-content\/uploads\/2012\/05\/eine-kost\u00fcmf\u00fchrung21-300x225.jpg 300w, https:\/\/www.forum-soegel.de\/information\/wp-content\/uploads\/2012\/05\/eine-kost\u00fcmf\u00fchrung21.jpg 1024w\" sizes=\"auto, (max-width: 300px) 100vw, 300px\" \/><\/a><\/p>\n","protected":false},"excerpt":{"rendered":"Bereits zum zweiten Mal verlie\u00df das Clemenswerther \u201eDienstpersonal\u201c die Schlossanlage, um in Seniorenanlagen in S\u00f6gel vom Leben am Schloss zu berichten. \u201eAnna\u201c (Heike Kramer), die S\u00f6geler Dienstmagd niederen Standes, kam im historischen Gewand und Holzmolle, zudem ausger\u00fcstet mit Laptop und einer reich bebilderten Pr\u00e4sentation in den Vortragsraum der Seniorenwohnanlage Schlossallee, der bereits im M\u00e4rz \u00f6sterlich [&hellip;]\n","protected":false},"author":2,"featured_media":0,"comment_status":"closed","ping_status":"closed","sticky":false,"template":"","format":"standard","meta":{"ngg_post_thumbnail":0,"footnotes":""},"categories":[3],"tags":[],"class_list":["post-7843","post","type-post","status-publish","format-standard","hentry","category-aktuelles-aus-der-region"],"_links":{"self":[{"href":"https:\/\/www.forum-soegel.de\/information\/wp-json\/wp\/v2\/posts\/7843","targetHints":{"allow":["GET"]}}],"collection":[{"href":"https:\/\/www.forum-soegel.de\/information\/wp-json\/wp\/v2\/posts"}],"about":[{"href":"https:\/\/www.forum-soegel.de\/information\/wp-json\/wp\/v2\/types\/post"}],"author":[{"embeddable":true,"href":"https:\/\/www.forum-soegel.de\/information\/wp-json\/wp\/v2\/users\/2"}],"replies":[{"embeddable":true,"href":"https:\/\/www.forum-soegel.de\/information\/wp-json\/wp\/v2\/comments?post=7843"}],"version-history":[{"count":4,"href":"https:\/\/www.forum-soegel.de\/information\/wp-json\/wp\/v2\/posts\/7843\/revisions"}],"predecessor-version":[{"id":7846,"href":"https:\/\/www.forum-soegel.de\/information\/wp-json\/wp\/v2\/posts\/7843\/revisions\/7846"}],"wp:attachment":[{"href":"https:\/\/www.forum-soegel.de\/information\/wp-json\/wp\/v2\/media?parent=7843"}],"wp:term":[{"taxonomy":"category","embeddable":true,"href":"https:\/\/www.forum-soegel.de\/information\/wp-json\/wp\/v2\/categories?post=7843"},{"taxonomy":"post_tag","embeddable":true,"href":"https:\/\/www.forum-soegel.de\/information\/wp-json\/wp\/v2\/tags?post=7843"}],"curies":[{"name":"wp","href":"https:\/\/api.w.org\/{rel}","templated":true}]}}