{"id":7832,"date":"2012-05-01T00:44:05","date_gmt":"2012-04-30T22:44:05","guid":{"rendered":"https:\/\/www.forum-soegel.de\/information\/?p=7832"},"modified":"2012-04-29T11:51:18","modified_gmt":"2012-04-29T09:51:18","slug":"mehrgenerationenhaus-in-werpeloh-besticht-durch-vielseitigkeit-2","status":"publish","type":"post","link":"https:\/\/www.forum-soegel.de\/information\/2012\/05\/mehrgenerationenhaus-in-werpeloh-besticht-durch-vielseitigkeit-2\/","title":{"rendered":"Mehrgenerationenhaus in Werpeloh besticht durch Vielseitigkeit"},"content":{"rendered":"<p>\u201eIch sehe die Bundes- und EU-Mittel im Mehrgenerationenhaus in Werpeloh gut untergebracht\u201c, so das Fazit der Bundestagsabgeordneten Gitta Connemann (CDU) w\u00e4hrend einer Besichtigung.<\/p>\n<p>Dazu Bernhard Schmitz, CDU-Kreistagmitglied: \u201eOhne diese \u00f6ffentlichen Zusch\u00fcsse h\u00e4tte der Bau des Mehrgenerationenhauses in Werpeloh auch nicht realisiert werden k\u00f6nnen\u201c.<\/p>\n<p>Im k\u00fcnftigen Mehrgenerationenhaus von Werpeloh sollen alle Altersstufen vertreten sein. Die R\u00e4umlichkeiten seien so ver\u00e4nderbar, dass den derzeitigen Anspr\u00fcchen aller Generationen an Gemeinschaftsr\u00e4ume Gen\u00fcge getan werden k\u00f6nne, so Heinz Sandker vom CDU-Ortsverband Werpeloh. Ein Disco-Raum im Obergeschoss, R\u00e4umlichkeiten f\u00fcr die Mutter-Kind-Gruppe, sowie f\u00fcr die Seniorenveranstaltungen seien &#8211; teils im wechselseitigen Gebrauch &#8211;\u00a0 vorhanden. Schmitz: \u201eWir wollen hier neue Wege gehen. Die naheliegende Tagesbildungsst\u00e4tte des Lukasheimes, sowie die Grundschule Werpeloh k\u00f6nnen den gro\u00dfen Veranstaltungssaal ebenso\u00a0 als Mensa nutzen, wie die Theatergruppe ihn als Vorf\u00fchrungsraum verwenden kann.\u201c Er denke dabei aber auch an niederschwellige Pflegeangebote im Bereich der Seniorenbetreuung.<\/p>\n<p>Das Mehrgenerationenhaus soll keine Konkurrenz zur \u00f6rtlichen Gastronomie sein. Die Barrierefreiheit und ein Fahrstuhl im Haus sorgen daf\u00fcr, dass auch in ihrer Bewegung eingeschr\u00e4nkte Personen das Obergeschoss nutzen k\u00f6nnen. Das Haus soll auch dem Standard eines Niedrigenergiehauses entsprechen.<\/p>\n<p>Pfarrer Bernhard Horstmann und Werpelohs B\u00fcrgermeister Johannes Geerswilken verwiesen auf die vielf\u00e4ltigen Nutzungsm\u00f6glichkeiten.<\/p>\n<p>&nbsp;<\/p>\n<p>Samtgemeindeb\u00fcrgermeister G\u00fcnter Wigbers lobte die \u00fcberdurchschnittlichen Aktivit\u00e4ten der Gemeinde Werpeloh, was auch durch zahlreiche Zusch\u00fcsse zum Ausdruck komme.<\/p>\n<p>Im weiteren Verlauf des Besuches fand ein politischer Gedankenaustausch \u00fcber aktuelle Themen statt.<\/p>\n<div id=\"attachment_7833\" style=\"width: 310px\" class=\"wp-caption alignnone\"><a href=\"https:\/\/www.forum-soegel.de\/information\/wp-content\/uploads\/2012\/04\/Werpeloh-Mehrgenerationenhaus-11.jpg\"><img loading=\"lazy\" decoding=\"async\" aria-describedby=\"caption-attachment-7833\" class=\"size-medium wp-image-7833\" title=\"Werpeloh Mehrgenerationenhaus 1\" src=\"https:\/\/www.forum-soegel.de\/information\/wp-content\/uploads\/2012\/04\/Werpeloh-Mehrgenerationenhaus-11-300x225.jpg\" alt=\"\" width=\"300\" height=\"225\" srcset=\"https:\/\/www.forum-soegel.de\/information\/wp-content\/uploads\/2012\/04\/Werpeloh-Mehrgenerationenhaus-11-300x225.jpg 300w, https:\/\/www.forum-soegel.de\/information\/wp-content\/uploads\/2012\/04\/Werpeloh-Mehrgenerationenhaus-11.jpg 1024w\" sizes=\"auto, (max-width: 300px) 100vw, 300px\" \/><\/a><p id=\"caption-attachment-7833\" class=\"wp-caption-text\">Vertreter aus Politik, Kirche und Kommunen lie\u00dfen sich von den Ausf\u00fchrungen des bauaufsichtf\u00fchrenden Architekten Berthold Henschel zum Mehrgenerationenhaus in Werpeloh \u00fcberzeugen.<\/p><\/div>\n","protected":false},"excerpt":{"rendered":"\u201eIch sehe die Bundes- und EU-Mittel im Mehrgenerationenhaus in Werpeloh gut untergebracht\u201c, so das Fazit der Bundestagsabgeordneten Gitta Connemann (CDU) w\u00e4hrend einer Besichtigung. Dazu Bernhard Schmitz, CDU-Kreistagmitglied: \u201eOhne diese \u00f6ffentlichen Zusch\u00fcsse h\u00e4tte der Bau des Mehrgenerationenhauses in Werpeloh auch nicht realisiert werden k\u00f6nnen\u201c. Im k\u00fcnftigen Mehrgenerationenhaus von Werpeloh sollen alle Altersstufen vertreten sein. Die R\u00e4umlichkeiten [&hellip;]\n","protected":false},"author":2,"featured_media":0,"comment_status":"closed","ping_status":"closed","sticky":false,"template":"","format":"standard","meta":{"ngg_post_thumbnail":0,"footnotes":""},"categories":[3],"tags":[],"class_list":["post-7832","post","type-post","status-publish","format-standard","hentry","category-aktuelles-aus-der-region"],"_links":{"self":[{"href":"https:\/\/www.forum-soegel.de\/information\/wp-json\/wp\/v2\/posts\/7832","targetHints":{"allow":["GET"]}}],"collection":[{"href":"https:\/\/www.forum-soegel.de\/information\/wp-json\/wp\/v2\/posts"}],"about":[{"href":"https:\/\/www.forum-soegel.de\/information\/wp-json\/wp\/v2\/types\/post"}],"author":[{"embeddable":true,"href":"https:\/\/www.forum-soegel.de\/information\/wp-json\/wp\/v2\/users\/2"}],"replies":[{"embeddable":true,"href":"https:\/\/www.forum-soegel.de\/information\/wp-json\/wp\/v2\/comments?post=7832"}],"version-history":[{"count":4,"href":"https:\/\/www.forum-soegel.de\/information\/wp-json\/wp\/v2\/posts\/7832\/revisions"}],"predecessor-version":[{"id":7835,"href":"https:\/\/www.forum-soegel.de\/information\/wp-json\/wp\/v2\/posts\/7832\/revisions\/7835"}],"wp:attachment":[{"href":"https:\/\/www.forum-soegel.de\/information\/wp-json\/wp\/v2\/media?parent=7832"}],"wp:term":[{"taxonomy":"category","embeddable":true,"href":"https:\/\/www.forum-soegel.de\/information\/wp-json\/wp\/v2\/categories?post=7832"},{"taxonomy":"post_tag","embeddable":true,"href":"https:\/\/www.forum-soegel.de\/information\/wp-json\/wp\/v2\/tags?post=7832"}],"curies":[{"name":"wp","href":"https:\/\/api.w.org\/{rel}","templated":true}]}}