{"id":7800,"date":"2012-05-01T00:21:21","date_gmt":"2012-04-30T22:21:21","guid":{"rendered":"https:\/\/www.forum-soegel.de\/information\/?p=7800"},"modified":"2012-04-29T11:57:48","modified_gmt":"2012-04-29T09:57:48","slug":"ein-krimi-autor-schreibt-in-sogel-seinen-zweiten-roman","status":"publish","type":"post","link":"https:\/\/www.forum-soegel.de\/information\/2012\/05\/ein-krimi-autor-schreibt-in-sogel-seinen-zweiten-roman\/","title":{"rendered":"Ein Krimi-Autor schreibt in S\u00f6gel seinen zweiten Roman."},"content":{"rendered":"<p><a href=\"https:\/\/www.forum-soegel.de\/information\/wp-content\/uploads\/2012\/05\/R\u00fcth31.jpg\"><img loading=\"lazy\" decoding=\"async\" class=\"alignleft size-medium wp-image-7804\" title=\"R\u00fcth3\" src=\"https:\/\/www.forum-soegel.de\/information\/wp-content\/uploads\/2012\/05\/R\u00fcth31-199x300.jpg\" alt=\"\" width=\"199\" height=\"300\" srcset=\"https:\/\/www.forum-soegel.de\/information\/wp-content\/uploads\/2012\/05\/R\u00fcth31-199x300.jpg 199w, https:\/\/www.forum-soegel.de\/information\/wp-content\/uploads\/2012\/05\/R\u00fcth31.jpg 485w\" sizes=\"auto, (max-width: 199px) 100vw, 199px\" \/><\/a><\/p>\n<p><strong>Was hat Commissario Vincenzo Bellini aus Bozen mit S\u00f6gel im Emsland zu tun?<\/strong><\/p>\n<p>Burkhard R\u00fcth ist Unternehmensberater aus Meckenheim, doch seine gr\u00f6\u00dfte Leidenschaft gilt dem Schreiben. Die Protagonisten seines ersten Kriminalromans, \u201e Das Monster von Bozen\u201c, erschienen im Emons-Verlag, leben in S\u00fcdtirol, jener n\u00f6rdlichsten Provinz Italiens, in der es Berge und Gletscher ebenso gibt wie Palmen und Zypressen.<\/p>\n<p>Da Burkhard R\u00fcth selbst Unternehmensberater ist, verwundert es nicht, dass sich die kriminellen Machenschaften seines ersten Romans in einer Bozener Consultingfirma abspielen. R\u00fcth ist aber auch begeisterter Bergsteiger. Er kennt S\u00fcdtirol seit mehr als drei\u00dfig Jahren. Seine Beschreibungen von Landschaft und Leuten vermitteln dem Leser damit Authentizit\u00e4t.<\/p>\n<p>Vor ein paar Monaten hat sich R\u00fcth ausgerechnet in die eher flache Heimat seiner Eltern, nach S\u00f6gel, zur\u00fcckgezogen, um hier seinen zweiten Roman zu vollenden, der im September erscheinen wird. F\u00fcr ihn bedeuten die Idylle und die Ruhe des Emslandes einen optimalen Rahmen f\u00fcr seine Kreativit\u00e4t.<\/p>\n<p>&nbsp;<\/p>\n<p>Der zweite Fall des Commissario Bellini spielt erneut in der S\u00fcdtiroler Bergwelt. R\u00fcth deutete an, dass einem Gletscher eine zentrale Bedeutung zukommt. In einem pers\u00f6nlichen Gespr\u00e4ch mit unserer Redaktion wurde auch die M\u00f6glichkeit einer Autorenlesung aus einem seiner Werke im S\u00f6geler Rathaus diskutiert und in Erw\u00e4gung gezogen.<\/p>\n<p>Sein Aufenthalt in S\u00f6gel, so R\u00fcth, k\u00f6nnte ihn auch inspirieren, parallel zu seinen S\u00fcdtirolkrimis auch einen \u201eEmslandkrimi\u201c zu schreiben. Seitens des Emons-Verlages gibt es zumindest ein positives Signal. Er w\u00e4re mit den beiden Krimireihen in bester Gesellschaft. Zum Beispiel Nele Neuhaus, die ihre Heimat, den Taunus, mit seinen \u201eHessischen Charakteren\u201c in ihren als Bestseller Romanen ausgezeichneten Werken thematisiert.<\/p>\n<p>&nbsp;<\/p>\n<p>Wir w\u00fcnschen Burkhard R\u00fcth viel Erfolg und bleiben dran.<\/p>\n<p>&nbsp;<\/p>\n<p>Text: KS Foto: Privat<\/p>\n<p><a href=\"https:\/\/www.forum-soegel.de\/information\/wp-content\/uploads\/2012\/05\/Dreieckspitz-bei-Rein.jpg\"><img loading=\"lazy\" decoding=\"async\" class=\"alignnone size-thumbnail wp-image-7968\" title=\"Dreieckspitz bei Rein\" src=\"https:\/\/www.forum-soegel.de\/information\/wp-content\/uploads\/2012\/05\/Dreieckspitz-bei-Rein-150x150.jpg\" alt=\"\" width=\"150\" height=\"150\" \/><\/a>\u00a0\u00a0<a href=\"https:\/\/www.forum-soegel.de\/information\/wp-content\/uploads\/2012\/05\/Vor-dem-Hochgall.jpg\"><img loading=\"lazy\" decoding=\"async\" class=\"alignnone size-thumbnail wp-image-7969\" title=\"Vor dem Hochgall\" src=\"https:\/\/www.forum-soegel.de\/information\/wp-content\/uploads\/2012\/05\/Vor-dem-Hochgall-150x150.jpg\" alt=\"\" width=\"150\" height=\"150\" \/><\/a><\/p>\n<p>&nbsp;<\/p>\n","protected":false},"excerpt":{"rendered":"Was hat Commissario Vincenzo Bellini aus Bozen mit S\u00f6gel im Emsland zu tun? Burkhard R\u00fcth ist Unternehmensberater aus Meckenheim, doch seine gr\u00f6\u00dfte Leidenschaft gilt dem Schreiben. Die Protagonisten seines ersten Kriminalromans, \u201e Das Monster von Bozen\u201c, erschienen im Emons-Verlag, leben in S\u00fcdtirol, jener n\u00f6rdlichsten Provinz Italiens, in der es Berge und Gletscher ebenso gibt wie [&hellip;]\n","protected":false},"author":2,"featured_media":0,"comment_status":"closed","ping_status":"closed","sticky":false,"template":"","format":"standard","meta":{"ngg_post_thumbnail":0,"footnotes":""},"categories":[3],"tags":[],"class_list":["post-7800","post","type-post","status-publish","format-standard","hentry","category-aktuelles-aus-der-region"],"_links":{"self":[{"href":"https:\/\/www.forum-soegel.de\/information\/wp-json\/wp\/v2\/posts\/7800","targetHints":{"allow":["GET"]}}],"collection":[{"href":"https:\/\/www.forum-soegel.de\/information\/wp-json\/wp\/v2\/posts"}],"about":[{"href":"https:\/\/www.forum-soegel.de\/information\/wp-json\/wp\/v2\/types\/post"}],"author":[{"embeddable":true,"href":"https:\/\/www.forum-soegel.de\/information\/wp-json\/wp\/v2\/users\/2"}],"replies":[{"embeddable":true,"href":"https:\/\/www.forum-soegel.de\/information\/wp-json\/wp\/v2\/comments?post=7800"}],"version-history":[{"count":5,"href":"https:\/\/www.forum-soegel.de\/information\/wp-json\/wp\/v2\/posts\/7800\/revisions"}],"predecessor-version":[{"id":7806,"href":"https:\/\/www.forum-soegel.de\/information\/wp-json\/wp\/v2\/posts\/7800\/revisions\/7806"}],"wp:attachment":[{"href":"https:\/\/www.forum-soegel.de\/information\/wp-json\/wp\/v2\/media?parent=7800"}],"wp:term":[{"taxonomy":"category","embeddable":true,"href":"https:\/\/www.forum-soegel.de\/information\/wp-json\/wp\/v2\/categories?post=7800"},{"taxonomy":"post_tag","embeddable":true,"href":"https:\/\/www.forum-soegel.de\/information\/wp-json\/wp\/v2\/tags?post=7800"}],"curies":[{"name":"wp","href":"https:\/\/api.w.org\/{rel}","templated":true}]}}