{"id":7797,"date":"2012-05-01T00:17:24","date_gmt":"2012-04-30T22:17:24","guid":{"rendered":"https:\/\/www.forum-soegel.de\/information\/?p=7797"},"modified":"2012-04-29T12:00:15","modified_gmt":"2012-04-29T10:00:15","slug":"die-energiewende-beginnt-vor-der-eigenen-haustur","status":"publish","type":"post","link":"https:\/\/www.forum-soegel.de\/information\/2012\/05\/die-energiewende-beginnt-vor-der-eigenen-haustur\/","title":{"rendered":"Die Energiewende beginnt vor der eigenen Haust\u00fcr,"},"content":{"rendered":"<p style=\"text-align: left;\" align=\"center\"><strong>soll hei\u00dfen im eigenen Haus,<\/strong><\/p>\n<p>so interpretierte Frau Dr. Marie-Luise Rottmann-Meyer vom 3N-Kompetenzzentrum\/Klimacenter in Werlte ihren Vortrag.<\/p>\n<p>Eingeladen hatte Simone Kla\u00dfen, Vorsitzende des CDU-Ortsverbandes S\u00f6gel, zu einer Diskussionsveranstaltung in das Hotel Jansen, Clemenswerther Hof.<\/p>\n<p>Das Thema lautete: \u201eErneuerbare Energien, Einsatz im eigenen Haus, was kommt f\u00fcr den Endverbraucher dabei heraus?\u201c<\/p>\n<p>Einen umfassenden \u00dcberblick zu den M\u00f6glichkeiten, Energie zu sparen und dabei die Umwelt zu entlasten, zeigte Rottmann-Meyer in ihrem Referat auf. Gleichzeitig wies sie darauf hin, dass erst 30% erneuerbare Energien in den nieders\u00e4chsischen Haushalten genutzt werden.<\/p>\n<p>\u00dcber die M\u00f6glichkeiten \u00a0der Energieeinsparung durch LED-Beleuchtung informierte Josef Moog von der Firma Indulighting, Dersum.<\/p>\n<p>Auf diesem Gebiet hat sich in den letzten Jahren ein steter Wandel durch Anpassung an Verbraucherw\u00fcnsche vollzogen.<\/p>\n<p>So bekommt man heute f\u00fcr fast alle\u00a0 Beleuchtungstr\u00e4ger im Haushalt die passenden, farblich variierbaren LED- Leuchten.<\/p>\n<p>Zum Thema technische Voraussetzungen, Planung und Realisierung von Photovoltaikanlagen\u00a0 konnte Joachim Kampling von der Firma BMI Umwelt und Energie GmbH S\u00f6gel umfassend Auskunft geben.<\/p>\n<p>Dabei betonte Kampling die beachtenswerten Aspekte einer landwirtschaftlichen, gewerblichen oder privaten Nutzung.<\/p>\n<p>F\u00fcr viele Zuh\u00f6rer sicherlich nicht uninteressant war auch der Erfahrungsbericht des Endnutzers von Erdw\u00e4rme, Herrn Daniel Kleine aus S\u00f6gel.<\/p>\n<p>Daniel Kleine verwies auf den Einsatz von W\u00e4rmepumpen mit einer steigenden Kostenersparnis in einem entsprechenden Investitionszeitraum.<\/p>\n<p>Er lobte dabei die konstant erreichbaren Raumtemperaturen um die 22\u00b0 C.<\/p>\n<p>Detlef Pethan vom Steuerb\u00fcro Rolfes, Gerdes,Jansen, Pethan, gab zum Schluss dieser Diskussionsveranstaltung\u00a0 einen sehr detaillierten \u00dcberblick \u00fcber die \u201eRentabilit\u00e4t und Finanzierung von Photovoltaikanlagen.\u201c<\/p>\n<p>Im Anschluss an die Vortr\u00e4ge forderte \u00a0Simone Kla\u00dfen die zahlreich erschienen Gemeindevertreter und G\u00e4ste\u00a0 auf, Fragen zu stellen.<\/p>\n<p>In der anschlie\u00dfenden Diskussion wurden die Erfahrungen \u00fcber Vor- und Nachteile der erneuerbaren Energien mit gro\u00dfer Sachlichkeit ausgetauscht.<\/p>\n<div id=\"attachment_7798\" style=\"width: 310px\" class=\"wp-caption alignnone\"><a href=\"https:\/\/www.forum-soegel.de\/information\/wp-content\/uploads\/2012\/04\/erneuerbare-Energie.jpg\"><img loading=\"lazy\" decoding=\"async\" aria-describedby=\"caption-attachment-7798\" class=\"size-medium wp-image-7798\" title=\"erneuerbare Energie\" src=\"https:\/\/www.forum-soegel.de\/information\/wp-content\/uploads\/2012\/04\/erneuerbare-Energie-300x225.jpg\" alt=\"\" width=\"300\" height=\"225\" srcset=\"https:\/\/www.forum-soegel.de\/information\/wp-content\/uploads\/2012\/04\/erneuerbare-Energie-300x225.jpg 300w, https:\/\/www.forum-soegel.de\/information\/wp-content\/uploads\/2012\/04\/erneuerbare-Energie.jpg 1024w\" sizes=\"auto, (max-width: 300px) 100vw, 300px\" \/><\/a><p id=\"caption-attachment-7798\" class=\"wp-caption-text\">Die Referenten des Abends von links, Joachim Kampling, Dr. Marie-Luise Rottmann- Meyer, Josef Moog, , Daniel Kleine und Detlef Pethan, sowie die Veranstalterin und Moderatorin Simone Kla\u00dfen,<\/p><\/div>\n","protected":false},"excerpt":{"rendered":"soll hei\u00dfen im eigenen Haus, so interpretierte Frau Dr. Marie-Luise Rottmann-Meyer vom 3N-Kompetenzzentrum\/Klimacenter in Werlte ihren Vortrag. Eingeladen hatte Simone Kla\u00dfen, Vorsitzende des CDU-Ortsverbandes S\u00f6gel, zu einer Diskussionsveranstaltung in das Hotel Jansen, Clemenswerther Hof. Das Thema lautete: \u201eErneuerbare Energien, Einsatz im eigenen Haus, was kommt f\u00fcr den Endverbraucher dabei heraus?\u201c Einen umfassenden \u00dcberblick zu den [&hellip;]\n","protected":false},"author":2,"featured_media":0,"comment_status":"closed","ping_status":"closed","sticky":false,"template":"","format":"standard","meta":{"ngg_post_thumbnail":0,"footnotes":""},"categories":[3],"tags":[],"class_list":["post-7797","post","type-post","status-publish","format-standard","hentry","category-aktuelles-aus-der-region"],"_links":{"self":[{"href":"https:\/\/www.forum-soegel.de\/information\/wp-json\/wp\/v2\/posts\/7797","targetHints":{"allow":["GET"]}}],"collection":[{"href":"https:\/\/www.forum-soegel.de\/information\/wp-json\/wp\/v2\/posts"}],"about":[{"href":"https:\/\/www.forum-soegel.de\/information\/wp-json\/wp\/v2\/types\/post"}],"author":[{"embeddable":true,"href":"https:\/\/www.forum-soegel.de\/information\/wp-json\/wp\/v2\/users\/2"}],"replies":[{"embeddable":true,"href":"https:\/\/www.forum-soegel.de\/information\/wp-json\/wp\/v2\/comments?post=7797"}],"version-history":[{"count":4,"href":"https:\/\/www.forum-soegel.de\/information\/wp-json\/wp\/v2\/posts\/7797\/revisions"}],"predecessor-version":[{"id":7972,"href":"https:\/\/www.forum-soegel.de\/information\/wp-json\/wp\/v2\/posts\/7797\/revisions\/7972"}],"wp:attachment":[{"href":"https:\/\/www.forum-soegel.de\/information\/wp-json\/wp\/v2\/media?parent=7797"}],"wp:term":[{"taxonomy":"category","embeddable":true,"href":"https:\/\/www.forum-soegel.de\/information\/wp-json\/wp\/v2\/categories?post=7797"},{"taxonomy":"post_tag","embeddable":true,"href":"https:\/\/www.forum-soegel.de\/information\/wp-json\/wp\/v2\/tags?post=7797"}],"curies":[{"name":"wp","href":"https:\/\/api.w.org\/{rel}","templated":true}]}}