{"id":7795,"date":"2012-05-01T00:16:02","date_gmt":"2012-04-30T22:16:02","guid":{"rendered":"https:\/\/www.forum-soegel.de\/information\/?p=7795"},"modified":"2012-04-29T12:01:05","modified_gmt":"2012-04-29T10:01:05","slug":"baumfrevel-erneut-zwei-strafanzeigen","status":"publish","type":"post","link":"https:\/\/www.forum-soegel.de\/information\/2012\/05\/baumfrevel-erneut-zwei-strafanzeigen\/","title":{"rendered":"Baumfrevel: Erneut zwei Strafanzeigen"},"content":{"rendered":"<p><a href=\"https:\/\/www.forum-soegel.de\/information\/wp-content\/uploads\/2012\/05\/Baumfrevel1.jpg\"><img loading=\"lazy\" decoding=\"async\" class=\"alignleft size-medium wp-image-7808\" title=\"Baumfrevel\" src=\"https:\/\/www.forum-soegel.de\/information\/wp-content\/uploads\/2012\/05\/Baumfrevel1-300x225.jpg\" alt=\"\" width=\"300\" height=\"225\" srcset=\"https:\/\/www.forum-soegel.de\/information\/wp-content\/uploads\/2012\/05\/Baumfrevel1-300x225.jpg 300w, https:\/\/www.forum-soegel.de\/information\/wp-content\/uploads\/2012\/05\/Baumfrevel1.jpg 1024w\" sizes=\"auto, (max-width: 300px) 100vw, 300px\" \/><\/a><\/p>\n<p>Die Gemeinde S\u00f6gel hat heute in zwei weiteren F\u00e4llen Strafanzeige gegen unbekannt gestellt, nachdem an \u00f6ffentlichen Wegeseitenr\u00e4ndern erneut B\u00e4ume gef\u00e4llt worden sind. Nach Auskunft der Verwaltung handelt es sich um etwa 20 zum Teil j\u00fcngere, aber auch sehr alte Eichen und Buchen. Zu Ermittlung der H\u00f6he der Schadenersatzforderung w\u00fcrden die gef\u00e4llten B\u00e4ume nun gutachterlich bewertet.<\/p>\n<p>&nbsp;<\/p>\n<p>Text\/Foto: Gemeinde S\u00f6gel<\/p>\n","protected":false},"excerpt":{"rendered":"Die Gemeinde S\u00f6gel hat heute in zwei weiteren F\u00e4llen Strafanzeige gegen unbekannt gestellt, nachdem an \u00f6ffentlichen Wegeseitenr\u00e4ndern erneut B\u00e4ume gef\u00e4llt worden sind. Nach Auskunft der Verwaltung handelt es sich um etwa 20 zum Teil j\u00fcngere, aber auch sehr alte Eichen und Buchen. Zu Ermittlung der H\u00f6he der Schadenersatzforderung w\u00fcrden die gef\u00e4llten B\u00e4ume nun gutachterlich bewertet. [&hellip;]\n","protected":false},"author":2,"featured_media":0,"comment_status":"closed","ping_status":"closed","sticky":false,"template":"","format":"standard","meta":{"ngg_post_thumbnail":0,"footnotes":""},"categories":[3],"tags":[],"class_list":["post-7795","post","type-post","status-publish","format-standard","hentry","category-aktuelles-aus-der-region"],"_links":{"self":[{"href":"https:\/\/www.forum-soegel.de\/information\/wp-json\/wp\/v2\/posts\/7795","targetHints":{"allow":["GET"]}}],"collection":[{"href":"https:\/\/www.forum-soegel.de\/information\/wp-json\/wp\/v2\/posts"}],"about":[{"href":"https:\/\/www.forum-soegel.de\/information\/wp-json\/wp\/v2\/types\/post"}],"author":[{"embeddable":true,"href":"https:\/\/www.forum-soegel.de\/information\/wp-json\/wp\/v2\/users\/2"}],"replies":[{"embeddable":true,"href":"https:\/\/www.forum-soegel.de\/information\/wp-json\/wp\/v2\/comments?post=7795"}],"version-history":[{"count":4,"href":"https:\/\/www.forum-soegel.de\/information\/wp-json\/wp\/v2\/posts\/7795\/revisions"}],"predecessor-version":[{"id":7810,"href":"https:\/\/www.forum-soegel.de\/information\/wp-json\/wp\/v2\/posts\/7795\/revisions\/7810"}],"wp:attachment":[{"href":"https:\/\/www.forum-soegel.de\/information\/wp-json\/wp\/v2\/media?parent=7795"}],"wp:term":[{"taxonomy":"category","embeddable":true,"href":"https:\/\/www.forum-soegel.de\/information\/wp-json\/wp\/v2\/categories?post=7795"},{"taxonomy":"post_tag","embeddable":true,"href":"https:\/\/www.forum-soegel.de\/information\/wp-json\/wp\/v2\/tags?post=7795"}],"curies":[{"name":"wp","href":"https:\/\/api.w.org\/{rel}","templated":true}]}}