{"id":7180,"date":"2012-02-01T00:54:04","date_gmt":"2012-01-31T23:54:04","guid":{"rendered":"https:\/\/www.forum-soegel.de\/information\/?p=7180"},"modified":"2012-01-30T18:59:40","modified_gmt":"2012-01-30T17:59:40","slug":"der-reichtum-und-die-vielfalt-des-lobpreises-gottes-in-einem-konzert","status":"publish","type":"post","link":"https:\/\/www.forum-soegel.de\/information\/2012\/02\/der-reichtum-und-die-vielfalt-des-lobpreises-gottes-in-einem-konzert\/","title":{"rendered":"Der Reichtum und die Vielfalt des Lobpreises Gottes in einem Konzert"},"content":{"rendered":"<p><a href=\"https:\/\/www.forum-soegel.de\/information\/wp-content\/uploads\/2012\/02\/Adventskonzert1.jpg\"><img loading=\"lazy\" decoding=\"async\" class=\"alignleft size-medium wp-image-7186\" title=\"Adventskonzert1\" src=\"https:\/\/www.forum-soegel.de\/information\/wp-content\/uploads\/2012\/02\/Adventskonzert1-300x200.jpg\" alt=\"\" width=\"300\" height=\"200\" srcset=\"https:\/\/www.forum-soegel.de\/information\/wp-content\/uploads\/2012\/02\/Adventskonzert1-300x200.jpg 300w, https:\/\/www.forum-soegel.de\/information\/wp-content\/uploads\/2012\/02\/Adventskonzert1.jpg 1024w\" sizes=\"auto, (max-width: 300px) 100vw, 300px\" \/><\/a>Beinahe schon traditionell f\u00fchrte der Kirchenchor St. Jakobus S\u00f6gel am 30. Dezember 2011 zum dritten Mal ein Weihnachtskonzert auf. Das Abschlussprogramm des Jubil\u00e4umsjahres zum 125-j\u00e4hrigen Bestehen bildeten Vivaldis \u201eGloria RV 588 &amp; RV 589\u201c, sowie das \u201eWeihnachtskonzert in g-Moll\u201c von Angelo Corelli. Gemeinsam mit den Solisten Ina Westphal (Sopran), die kurzfristig f\u00fcr die erkrankte Jana Thomas eingesprungen war und ihre Aufgabe souver\u00e4n meisterte, Julia Skripnik (Mezzosopran) und Harald Maiers (Altus) sowie der Kammerphilharmonie Emsland\u00a0 f\u00fcllten die S\u00e4ngerinnen und S\u00e4nger des Kirchenchores die ganze Bandbreite und Vielfalt des Gotteslobes aus.<\/p>\n<p>\u201eDas Gloria erklingt erst wieder zu Weihnachten\u201c, er\u00f6ffnete Pfarrer Bernhard Horstmann den Abend und zeigte damit das zentrale Thema des Konzertes auf. Auch in Zeiten relativer sozialer Sicherheit und des Friedens in Europa sei es notwendig, Gott zu loben, weil er seinen Sohn als den Heiland geschickt habe.<\/p>\n<p>In \u00fcberzeugender Weise interpretierten die Akteure die Mehrdimensionalit\u00e4t des Lobpreises. Der stimmgewaltige Chor auf der einen Seite, die filigranen Stimmen der Solisten auf der anderen bildeten beim \u201eGloria\u201c in Wechselges\u00e4ngen ab, dass sowohl Lautst\u00e4rke, F\u00fclle und Vielstimmigkeit als auch Konzentration auf die Solostimme, technische Versiertheit und Klarheit gleichwertige M\u00f6glichkeiten des Ausdrucks der Freude \u00fcber die Geburt des Heilands sind. Dieser Eindruck verst\u00e4rkte sich noch durch die Variation in der Rollenverteilung zwischen \u201eGloria RV 588 &amp; RV 589\u201c.\u00a0 Der Text wurde beibehalten, doch die einzelnen Parts der Solostimmen und des Chores wurden neu akzentuiert: Die Botschaft bleibt dieselbe, und dennoch hat jede Art ihres Ausdrucks einen eigenen, besonderen Wert.<\/p>\n<p>Zwischen den vermeintlich gegens\u00e4tzlichen Interpretationsm\u00f6glichkeiten der Freude \u00fcber die Geburt Christi pendelte auch Corellis \u201eWeihnachtskonzert in g-Moll\u201c, das Bewegtheit und Ruhe, Spannungsreichtum und Harmonie, Beschwingtheit und Besinnlichkeit gekonnt kombinierte.<\/p>\n<p>Insgesamt gelang es den Akteuren unter der Leitung von Regionalkantorin Frauke Sparfeldt, die zahlreichen Probenstunden, die mit viel Zeitaufwand und Einsatz gerade von Seiten der Ehrenamtlichen verbunden waren, in einen kurzweiligen und sehens- wie h\u00f6renswerten Auftritt zu verwandeln.<\/p>\n<p>Text\/ Foto: Josef Becker<\/p>\n<p><a href=\"https:\/\/www.forum-soegel.de\/information\/wp-content\/uploads\/2012\/01\/Adventskonzert2.jpg\"><img loading=\"lazy\" decoding=\"async\" class=\"alignnone size-thumbnail wp-image-7183\" title=\"Adventskonzert2\" src=\"https:\/\/www.forum-soegel.de\/information\/wp-content\/uploads\/2012\/01\/Adventskonzert2-150x150.jpg\" alt=\"\" width=\"150\" height=\"150\" \/><\/a>\u00a0 <a href=\"https:\/\/www.forum-soegel.de\/information\/wp-content\/uploads\/2012\/01\/Adventskonzert3.jpg\"><img loading=\"lazy\" decoding=\"async\" class=\"alignnone size-thumbnail wp-image-7184\" title=\"Adventskonzert3\" src=\"https:\/\/www.forum-soegel.de\/information\/wp-content\/uploads\/2012\/01\/Adventskonzert3-150x150.jpg\" alt=\"\" width=\"150\" height=\"150\" \/><\/a><\/p>\n","protected":false},"excerpt":{"rendered":"Beinahe schon traditionell f\u00fchrte der Kirchenchor St. Jakobus S\u00f6gel am 30. Dezember 2011 zum dritten Mal ein Weihnachtskonzert auf. Das Abschlussprogramm des Jubil\u00e4umsjahres zum 125-j\u00e4hrigen Bestehen bildeten Vivaldis \u201eGloria RV 588 &amp; RV 589\u201c, sowie das \u201eWeihnachtskonzert in g-Moll\u201c von Angelo Corelli. Gemeinsam mit den Solisten Ina Westphal (Sopran), die kurzfristig f\u00fcr die erkrankte Jana [&hellip;]\n","protected":false},"author":2,"featured_media":0,"comment_status":"closed","ping_status":"closed","sticky":false,"template":"","format":"standard","meta":{"ngg_post_thumbnail":0,"footnotes":""},"categories":[3],"tags":[],"class_list":["post-7180","post","type-post","status-publish","format-standard","hentry","category-aktuelles-aus-der-region"],"_links":{"self":[{"href":"https:\/\/www.forum-soegel.de\/information\/wp-json\/wp\/v2\/posts\/7180","targetHints":{"allow":["GET"]}}],"collection":[{"href":"https:\/\/www.forum-soegel.de\/information\/wp-json\/wp\/v2\/posts"}],"about":[{"href":"https:\/\/www.forum-soegel.de\/information\/wp-json\/wp\/v2\/types\/post"}],"author":[{"embeddable":true,"href":"https:\/\/www.forum-soegel.de\/information\/wp-json\/wp\/v2\/users\/2"}],"replies":[{"embeddable":true,"href":"https:\/\/www.forum-soegel.de\/information\/wp-json\/wp\/v2\/comments?post=7180"}],"version-history":[{"count":3,"href":"https:\/\/www.forum-soegel.de\/information\/wp-json\/wp\/v2\/posts\/7180\/revisions"}],"predecessor-version":[{"id":7188,"href":"https:\/\/www.forum-soegel.de\/information\/wp-json\/wp\/v2\/posts\/7180\/revisions\/7188"}],"wp:attachment":[{"href":"https:\/\/www.forum-soegel.de\/information\/wp-json\/wp\/v2\/media?parent=7180"}],"wp:term":[{"taxonomy":"category","embeddable":true,"href":"https:\/\/www.forum-soegel.de\/information\/wp-json\/wp\/v2\/categories?post=7180"},{"taxonomy":"post_tag","embeddable":true,"href":"https:\/\/www.forum-soegel.de\/information\/wp-json\/wp\/v2\/tags?post=7180"}],"curies":[{"name":"wp","href":"https:\/\/api.w.org\/{rel}","templated":true}]}}