{"id":7039,"date":"2012-01-01T00:33:45","date_gmt":"2011-12-31T23:33:45","guid":{"rendered":"https:\/\/www.forum-soegel.de\/information\/?p=7039"},"modified":"2011-12-30T11:09:22","modified_gmt":"2011-12-30T10:09:22","slug":"katholische-jugend-sogel-startet-weihnachtsbaumaktion","status":"publish","type":"post","link":"https:\/\/www.forum-soegel.de\/information\/2012\/01\/katholische-jugend-sogel-startet-weihnachtsbaumaktion\/","title":{"rendered":"Katholische Jugend S\u00f6gel startet Weihnachtsbaumaktion"},"content":{"rendered":"<p>Im Rahmen der Jugendarbeit werden allj\u00e4hrlich zahlreiche Aktionen, Fahrten und Veranstaltungen f\u00fcr die vielen Jugendlichen in unserer Gemeinde angeboten. So ist auch f\u00fcr das kommende Jahr wieder ein umfangreiches und attraktives Programm erarbeitet worden. Zudem bestehen immer wieder Anschaffungsw\u00fcnsche f\u00fcr das Jugendcafe im Haus St. Jakobus, die durch den planm\u00e4\u00dfigen Etat f\u00fcr den Jugendbereich nicht finanziert werden k\u00f6nnen.<\/p>\n<p>Um die Kosten m\u00f6glichst gering zu halten, versuchen die Jugendlichen, mit eigenen Initiativen zus\u00e4tzliche Mittel f\u00fcr die Jugendarbeit zu erwirtschaften.\u00a0\u00a0\u00a0<\/p>\n<p>Die Katholische Jugend S\u00f6gel (KJS) beabsichtigt daher, am Samstag, den 14. Januar 2012, eine Weihnachtsbaumaktion durchzuf\u00fchren.<\/p>\n<p>Die Helferinnen und Helfer der KJS werden in den Vormittagsstunden des 14.01.2012 in der Gemeinde S\u00f6gel unterwegs sein und zu Ihnen an die Haust\u00fcr kommen. Ihr Weihnachtsbaum, den Sie bitte gut sichtbar in Ihren Vorgarten bzw. an die Stra\u00dfe legen wollen, wird von den Jugendlichen mitgenommen und mit freundlicher Unterst\u00fctzung des Abfallwirtschaftsamtes des Landkreises Emsland entsorgt.<\/p>\n<p>Wir bitten, diesen Dienst durch eine Spende f\u00fcr die Jugendarbeit zu unterst\u00fctzen.<\/p>\n<p>Die KJS dankt Ihnen f\u00fcr Ihre freundliche Unterst\u00fctzung und w\u00fcnscht Ihnen ein gl\u00fcckliches und gesundes neues Jahr !<\/p>\n<p>F\u00fcr R\u00fcckfragen stehen Ihnen zur Verf\u00fcgung:\u00a0 Team KJS,\u00a0 Tel.:\u00a0 98034, und Gerd Kerssens, Tel.: 2827<\/p>\n","protected":false},"excerpt":{"rendered":"Im Rahmen der Jugendarbeit werden allj\u00e4hrlich zahlreiche Aktionen, Fahrten und Veranstaltungen f\u00fcr die vielen Jugendlichen in unserer Gemeinde angeboten. So ist auch f\u00fcr das kommende Jahr wieder ein umfangreiches und attraktives Programm erarbeitet worden. Zudem bestehen immer wieder Anschaffungsw\u00fcnsche f\u00fcr das Jugendcafe im Haus St. Jakobus, die durch den planm\u00e4\u00dfigen Etat f\u00fcr den Jugendbereich nicht [&hellip;]\n","protected":false},"author":2,"featured_media":0,"comment_status":"closed","ping_status":"closed","sticky":false,"template":"","format":"standard","meta":{"ngg_post_thumbnail":0,"footnotes":""},"categories":[3],"tags":[520,133,134],"class_list":["post-7039","post","type-post","status-publish","format-standard","hentry","category-aktuelles-aus-der-region","tag-katholische-jugend","tag-kjs","tag-weihnachtsbaumaktion"],"_links":{"self":[{"href":"https:\/\/www.forum-soegel.de\/information\/wp-json\/wp\/v2\/posts\/7039","targetHints":{"allow":["GET"]}}],"collection":[{"href":"https:\/\/www.forum-soegel.de\/information\/wp-json\/wp\/v2\/posts"}],"about":[{"href":"https:\/\/www.forum-soegel.de\/information\/wp-json\/wp\/v2\/types\/post"}],"author":[{"embeddable":true,"href":"https:\/\/www.forum-soegel.de\/information\/wp-json\/wp\/v2\/users\/2"}],"replies":[{"embeddable":true,"href":"https:\/\/www.forum-soegel.de\/information\/wp-json\/wp\/v2\/comments?post=7039"}],"version-history":[{"count":4,"href":"https:\/\/www.forum-soegel.de\/information\/wp-json\/wp\/v2\/posts\/7039\/revisions"}],"predecessor-version":[{"id":7065,"href":"https:\/\/www.forum-soegel.de\/information\/wp-json\/wp\/v2\/posts\/7039\/revisions\/7065"}],"wp:attachment":[{"href":"https:\/\/www.forum-soegel.de\/information\/wp-json\/wp\/v2\/media?parent=7039"}],"wp:term":[{"taxonomy":"category","embeddable":true,"href":"https:\/\/www.forum-soegel.de\/information\/wp-json\/wp\/v2\/categories?post=7039"},{"taxonomy":"post_tag","embeddable":true,"href":"https:\/\/www.forum-soegel.de\/information\/wp-json\/wp\/v2\/tags?post=7039"}],"curies":[{"name":"wp","href":"https:\/\/api.w.org\/{rel}","templated":true}]}}