{"id":7030,"date":"2012-01-01T00:21:08","date_gmt":"2011-12-31T23:21:08","guid":{"rendered":"https:\/\/www.forum-soegel.de\/information\/?p=7030"},"modified":"2011-12-30T11:20:01","modified_gmt":"2011-12-30T10:20:01","slug":"ausstellung-im-ludmillenhof-18","status":"publish","type":"post","link":"https:\/\/www.forum-soegel.de\/information\/2012\/01\/ausstellung-im-ludmillenhof-18\/","title":{"rendered":"Ausstellung im Ludmillenhof"},"content":{"rendered":"<p>Die Kunstausstellung\u00a0 von Mara Kolimbatovic im Rathaus ist noch bis zum 6. Januar zu sehen. Es folgt am 12. Januar Monika Schwertmann aus Bramsche mit gro\u00dffl\u00e4chigen Bildern. Die Ausstellungen k\u00f6nnen jeweils w\u00e4hrend der \u00d6ffnungszeiten der Samtgemeindeverwaltung besichtigt werden.<\/p>\n","protected":false},"excerpt":{"rendered":"Die Kunstausstellung\u00a0 von Mara Kolimbatovic im Rathaus ist noch bis zum 6. Januar zu sehen. Es folgt am 12. Januar Monika Schwertmann aus Bramsche mit gro\u00dffl\u00e4chigen Bildern. Die Ausstellungen k\u00f6nnen jeweils w\u00e4hrend der \u00d6ffnungszeiten der Samtgemeindeverwaltung besichtigt werden.\n","protected":false},"author":2,"featured_media":0,"comment_status":"closed","ping_status":"closed","sticky":false,"template":"","format":"standard","meta":{"ngg_post_thumbnail":0,"footnotes":""},"categories":[10],"tags":[211,72],"class_list":["post-7030","post","type-post","status-publish","format-standard","hentry","category-rat-und-verwaltung-informieren","tag-ausstellung","tag-ludmillenhof"],"_links":{"self":[{"href":"https:\/\/www.forum-soegel.de\/information\/wp-json\/wp\/v2\/posts\/7030","targetHints":{"allow":["GET"]}}],"collection":[{"href":"https:\/\/www.forum-soegel.de\/information\/wp-json\/wp\/v2\/posts"}],"about":[{"href":"https:\/\/www.forum-soegel.de\/information\/wp-json\/wp\/v2\/types\/post"}],"author":[{"embeddable":true,"href":"https:\/\/www.forum-soegel.de\/information\/wp-json\/wp\/v2\/users\/2"}],"replies":[{"embeddable":true,"href":"https:\/\/www.forum-soegel.de\/information\/wp-json\/wp\/v2\/comments?post=7030"}],"version-history":[{"count":2,"href":"https:\/\/www.forum-soegel.de\/information\/wp-json\/wp\/v2\/posts\/7030\/revisions"}],"predecessor-version":[{"id":7075,"href":"https:\/\/www.forum-soegel.de\/information\/wp-json\/wp\/v2\/posts\/7030\/revisions\/7075"}],"wp:attachment":[{"href":"https:\/\/www.forum-soegel.de\/information\/wp-json\/wp\/v2\/media?parent=7030"}],"wp:term":[{"taxonomy":"category","embeddable":true,"href":"https:\/\/www.forum-soegel.de\/information\/wp-json\/wp\/v2\/categories?post=7030"},{"taxonomy":"post_tag","embeddable":true,"href":"https:\/\/www.forum-soegel.de\/information\/wp-json\/wp\/v2\/tags?post=7030"}],"curies":[{"name":"wp","href":"https:\/\/api.w.org\/{rel}","templated":true}]}}