{"id":7028,"date":"2012-01-01T00:19:46","date_gmt":"2011-12-31T23:19:46","guid":{"rendered":"https:\/\/www.forum-soegel.de\/information\/?p=7028"},"modified":"2011-12-30T11:26:01","modified_gmt":"2011-12-30T10:26:01","slug":"raum-und-streupflicht-der-burgersteige-und-gehwege-bei-schnee-und-eisglatte-3","status":"publish","type":"post","link":"https:\/\/www.forum-soegel.de\/information\/2012\/01\/raum-und-streupflicht-der-burgersteige-und-gehwege-bei-schnee-und-eisglatte-3\/","title":{"rendered":"R\u00e4um- und Streupflicht der B\u00fcrgersteige und Gehwege bei Schnee- und Eisgl\u00e4tte"},"content":{"rendered":"<p>Die Gemeinde S\u00f6gel weist aus gegebenem Anlass nochmals auf die Pflicht der Grundst\u00fcckseigent\u00fcmer hin, bei Eis und Gl\u00e4tte die grundst\u00fccksanliegenden Gehwege passierbar zu machen. Das Bauhofpersonal der Gemeinde bem\u00fcht sich derweil jeweils morgens ab 5 Uhr, zun\u00e4chst die f\u00fcr den Schulweg verkehrswichtigen Stra\u00dfen und Gehwege von Schnee und Eis zu r\u00e4umen. <strong><em><\/em><\/strong><\/p>\n<p>&nbsp;<\/p>\n","protected":false},"excerpt":{"rendered":"Die Gemeinde S\u00f6gel weist aus gegebenem Anlass nochmals auf die Pflicht der Grundst\u00fcckseigent\u00fcmer hin, bei Eis und Gl\u00e4tte die grundst\u00fccksanliegenden Gehwege passierbar zu machen. Das Bauhofpersonal der Gemeinde bem\u00fcht sich derweil jeweils morgens ab 5 Uhr, zun\u00e4chst die f\u00fcr den Schulweg verkehrswichtigen Stra\u00dfen und Gehwege von Schnee und Eis zu r\u00e4umen. &nbsp;\n","protected":false},"author":2,"featured_media":0,"comment_status":"closed","ping_status":"closed","sticky":false,"template":"","format":"standard","meta":{"ngg_post_thumbnail":0,"footnotes":""},"categories":[10],"tags":[69,777,776,778],"class_list":["post-7028","post","type-post","status-publish","format-standard","hentry","category-rat-und-verwaltung-informieren","tag-eisglatte","tag-raumpflicht","tag-schneeglatte","tag-streupflicht"],"_links":{"self":[{"href":"https:\/\/www.forum-soegel.de\/information\/wp-json\/wp\/v2\/posts\/7028","targetHints":{"allow":["GET"]}}],"collection":[{"href":"https:\/\/www.forum-soegel.de\/information\/wp-json\/wp\/v2\/posts"}],"about":[{"href":"https:\/\/www.forum-soegel.de\/information\/wp-json\/wp\/v2\/types\/post"}],"author":[{"embeddable":true,"href":"https:\/\/www.forum-soegel.de\/information\/wp-json\/wp\/v2\/users\/2"}],"replies":[{"embeddable":true,"href":"https:\/\/www.forum-soegel.de\/information\/wp-json\/wp\/v2\/comments?post=7028"}],"version-history":[{"count":3,"href":"https:\/\/www.forum-soegel.de\/information\/wp-json\/wp\/v2\/posts\/7028\/revisions"}],"predecessor-version":[{"id":7080,"href":"https:\/\/www.forum-soegel.de\/information\/wp-json\/wp\/v2\/posts\/7028\/revisions\/7080"}],"wp:attachment":[{"href":"https:\/\/www.forum-soegel.de\/information\/wp-json\/wp\/v2\/media?parent=7028"}],"wp:term":[{"taxonomy":"category","embeddable":true,"href":"https:\/\/www.forum-soegel.de\/information\/wp-json\/wp\/v2\/categories?post=7028"},{"taxonomy":"post_tag","embeddable":true,"href":"https:\/\/www.forum-soegel.de\/information\/wp-json\/wp\/v2\/tags?post=7028"}],"curies":[{"name":"wp","href":"https:\/\/api.w.org\/{rel}","templated":true}]}}