{"id":7022,"date":"2012-01-01T00:15:22","date_gmt":"2011-12-31T23:15:22","guid":{"rendered":"https:\/\/www.forum-soegel.de\/information\/?p=7022"},"modified":"2011-12-30T11:33:47","modified_gmt":"2011-12-30T10:33:47","slug":"freigabe-des-ortskerns","status":"publish","type":"post","link":"https:\/\/www.forum-soegel.de\/information\/2012\/01\/freigabe-des-ortskerns\/","title":{"rendered":"Freigabe des Ortskerns"},"content":{"rendered":"<p>Mit Abschluss der Bauarbeiten im Ortskern von S\u00f6gel hat die Gemeinde den ersten Teil des insgesamt 3,9 Millionen Euro umfassenden Sanierungsprogramms verbaut. Mit dem ersten Bauabschnitt ist damit aber erst ein knappes Viertel des kalkulierten Gesamtvolumens verbraucht, das bis zum Jahr 2015 abgearbeitet werden soll.<\/p>\n<p>B\u00fcrgermeisterin Irmgard Welling w\u00fcrdigte die Geduld und das Verst\u00e4ndnis der Bev\u00f6lkerung. \u201eSeit dem 18. Juli haben wir mitten in S\u00f6gel eine Gro\u00dfbaustelle, die f\u00fcr viele B\u00fcrger Bel\u00e4stigungen und Einschr\u00e4nkungen mit sich gebracht hat. Wir sind allen sehr dankbar f\u00fcr die konstruktive Begleitung.\u201c Au\u00dferdem h\u00e4tten sowohl das Planungsb\u00fcro als auch das bauausf\u00fchrende Unternehmen Strabag eine perfekte Arbeit abgeliefert.<\/p>\n<p>Der Gemeinderat wird sich nun sehr bald mit der Fortf\u00fchrung des vom Bund finanzierten St\u00e4dtebauf\u00f6rderprogramms besch\u00e4ftigen und dabei insbesondere festlegen, \u00a0welcher Abschnitt exakt folgen soll. Zur Diskussion steht der Bau eines weiteren Kreisverkehrsplatzes im Kreuzungsbereich \u201eAmtsstra\u00dfe\/Ber\u00dfener Stra\u00dfe\/Am Markt\/Sprakeler Stra\u00dfe\u201c, die Fortf\u00fchrung der Ortskernsanierung im Zuge der Clemens-August-Stra\u00dfe bis zum Marktplatz und der Kreuzungsbereich \u201eAm Markt\/Knippers Kohlenhof\u201c, der insbesondere f\u00fcr den nicht motorisierten Verkehr problematisch ist.<\/p>\n<p>Die Gemeinde S\u00f6gel plant auch f\u00fcr die weiteren Abschnitte eine intensive B\u00fcrgerbeteiligung, um \u00a0Ideen und Anregungen aus, aber auch eine Akzeptanz f\u00fcr die Bauma\u00dfnahmen bei der Bev\u00f6lkerung zu bekommen.<\/p>\n","protected":false},"excerpt":{"rendered":"Mit Abschluss der Bauarbeiten im Ortskern von S\u00f6gel hat die Gemeinde den ersten Teil des insgesamt 3,9 Millionen Euro umfassenden Sanierungsprogramms verbaut. Mit dem ersten Bauabschnitt ist damit aber erst ein knappes Viertel des kalkulierten Gesamtvolumens verbraucht, das bis zum Jahr 2015 abgearbeitet werden soll. B\u00fcrgermeisterin Irmgard Welling w\u00fcrdigte die Geduld und das Verst\u00e4ndnis der [&hellip;]\n","protected":false},"author":2,"featured_media":0,"comment_status":"closed","ping_status":"closed","sticky":false,"template":"","format":"standard","meta":{"ngg_post_thumbnail":0,"footnotes":""},"categories":[10],"tags":[785,581],"class_list":["post-7022","post","type-post","status-publish","format-standard","hentry","category-rat-und-verwaltung-informieren","tag-ortskernsanierung","tag-stadtebauforderung"],"_links":{"self":[{"href":"https:\/\/www.forum-soegel.de\/information\/wp-json\/wp\/v2\/posts\/7022","targetHints":{"allow":["GET"]}}],"collection":[{"href":"https:\/\/www.forum-soegel.de\/information\/wp-json\/wp\/v2\/posts"}],"about":[{"href":"https:\/\/www.forum-soegel.de\/information\/wp-json\/wp\/v2\/types\/post"}],"author":[{"embeddable":true,"href":"https:\/\/www.forum-soegel.de\/information\/wp-json\/wp\/v2\/users\/2"}],"replies":[{"embeddable":true,"href":"https:\/\/www.forum-soegel.de\/information\/wp-json\/wp\/v2\/comments?post=7022"}],"version-history":[{"count":2,"href":"https:\/\/www.forum-soegel.de\/information\/wp-json\/wp\/v2\/posts\/7022\/revisions"}],"predecessor-version":[{"id":7091,"href":"https:\/\/www.forum-soegel.de\/information\/wp-json\/wp\/v2\/posts\/7022\/revisions\/7091"}],"wp:attachment":[{"href":"https:\/\/www.forum-soegel.de\/information\/wp-json\/wp\/v2\/media?parent=7022"}],"wp:term":[{"taxonomy":"category","embeddable":true,"href":"https:\/\/www.forum-soegel.de\/information\/wp-json\/wp\/v2\/categories?post=7022"},{"taxonomy":"post_tag","embeddable":true,"href":"https:\/\/www.forum-soegel.de\/information\/wp-json\/wp\/v2\/tags?post=7022"}],"curies":[{"name":"wp","href":"https:\/\/api.w.org\/{rel}","templated":true}]}}