{"id":6982,"date":"2012-01-01T00:23:15","date_gmt":"2011-12-31T23:23:15","guid":{"rendered":"https:\/\/www.forum-soegel.de\/information\/?p=6982"},"modified":"2011-12-30T11:18:00","modified_gmt":"2011-12-30T10:18:00","slug":"beachtliche-ehrenamtliche-eigenleistung-von-jugendlichen","status":"publish","type":"post","link":"https:\/\/www.forum-soegel.de\/information\/2012\/01\/beachtliche-ehrenamtliche-eigenleistung-von-jugendlichen\/","title":{"rendered":"Beachtliche ehrenamtliche Eigenleistung von Jugendlichen"},"content":{"rendered":"<p><a href=\"https:\/\/www.forum-soegel.de\/information\/wp-content\/uploads\/2012\/01\/Beachtliche-Leistung25.jpg\"><img loading=\"lazy\" decoding=\"async\" class=\"alignleft size-thumbnail wp-image-7000\" title=\"Beachtliche Leistung2\" src=\"https:\/\/www.forum-soegel.de\/information\/wp-content\/uploads\/2012\/01\/Beachtliche-Leistung25-150x150.jpg\" alt=\"\" width=\"150\" height=\"150\" \/><\/a>In geduldiger wochenlanger\u00a0 Eigenleistung hat die katholische Jugend S\u00f6gel unter Aufsicht von Jugendpflegerin Roswitha H\u00f6lscher an das Gartenhaus im Pfarrgarten\u00a0 einen Lagerraum errichtet. \u00a0Somit k\u00f6nnen nun die Gegenst\u00e4nde, die im Gartenhaus lagern, in die neuen R\u00e4umlichkeiten umger\u00e4umt werden, damit endlich gen\u00fcgend Platz f\u00fcr die Musikbands zum Proben vorhanden ist. Tatkr\u00e4ftig unterst\u00fctzt wurden die Jugendlichen an 2 Samstagen von Johannes V\u00f6lker und weiteren Mitgliedern der Kolpingkapelle. In der K\u00fcche des St. Jakobushauses konnten sich die flei\u00dfigen Helfer zwischendurch mit kr\u00e4ftigen Mahlzeiten st\u00e4rken, die Rosi H\u00f6lscher mit weiteren Jugendlichen vorbereitet hatte.<\/p>\n<p>Text\/Foto: Gisela Arling<\/p>\n<div id=\"attachment_6996\" style=\"width: 160px\" class=\"wp-caption alignnone\"><a href=\"https:\/\/www.forum-soegel.de\/information\/wp-content\/uploads\/2012\/01\/Beachtliche-Leistung1.jpg\"><img loading=\"lazy\" decoding=\"async\" aria-describedby=\"caption-attachment-6996\" class=\"size-thumbnail wp-image-6996\" title=\"Beachtliche Leistung1\" src=\"https:\/\/www.forum-soegel.de\/information\/wp-content\/uploads\/2012\/01\/Beachtliche-Leistung1-150x150.jpg\" alt=\"\" width=\"150\" height=\"150\" \/><\/a><p id=\"caption-attachment-6996\" class=\"wp-caption-text\">Das Foto zeigt den erstellen Rohbau.<\/p><\/div>\n<div class=\"mceTemp\">\u00a0<\/div>\n<div class=\"mceTemp\">\u00a0<\/div>\n<div class=\"mceTemp\">\u00a0<\/div>\n<div class=\"mceTemp\">\u00a0<\/div>\n<p>&nbsp;<\/p>\n<p>&nbsp;<\/p>\n","protected":false},"excerpt":{"rendered":"In geduldiger wochenlanger\u00a0 Eigenleistung hat die katholische Jugend S\u00f6gel unter Aufsicht von Jugendpflegerin Roswitha H\u00f6lscher an das Gartenhaus im Pfarrgarten\u00a0 einen Lagerraum errichtet. \u00a0Somit k\u00f6nnen nun die Gegenst\u00e4nde, die im Gartenhaus lagern, in die neuen R\u00e4umlichkeiten umger\u00e4umt werden, damit endlich gen\u00fcgend Platz f\u00fcr die Musikbands zum Proben vorhanden ist. Tatkr\u00e4ftig unterst\u00fctzt wurden die Jugendlichen an [&hellip;]\n","protected":false},"author":2,"featured_media":0,"comment_status":"closed","ping_status":"closed","sticky":false,"template":"","format":"standard","meta":{"ngg_post_thumbnail":0,"footnotes":""},"categories":[6],"tags":[520,104],"class_list":["post-6982","post","type-post","status-publish","format-standard","hentry","category-aus-der-schule-geplaudert","tag-katholische-jugend","tag-st-jakobus"],"_links":{"self":[{"href":"https:\/\/www.forum-soegel.de\/information\/wp-json\/wp\/v2\/posts\/6982","targetHints":{"allow":["GET"]}}],"collection":[{"href":"https:\/\/www.forum-soegel.de\/information\/wp-json\/wp\/v2\/posts"}],"about":[{"href":"https:\/\/www.forum-soegel.de\/information\/wp-json\/wp\/v2\/types\/post"}],"author":[{"embeddable":true,"href":"https:\/\/www.forum-soegel.de\/information\/wp-json\/wp\/v2\/users\/2"}],"replies":[{"embeddable":true,"href":"https:\/\/www.forum-soegel.de\/information\/wp-json\/wp\/v2\/comments?post=6982"}],"version-history":[{"count":11,"href":"https:\/\/www.forum-soegel.de\/information\/wp-json\/wp\/v2\/posts\/6982\/revisions"}],"predecessor-version":[{"id":7072,"href":"https:\/\/www.forum-soegel.de\/information\/wp-json\/wp\/v2\/posts\/6982\/revisions\/7072"}],"wp:attachment":[{"href":"https:\/\/www.forum-soegel.de\/information\/wp-json\/wp\/v2\/media?parent=6982"}],"wp:term":[{"taxonomy":"category","embeddable":true,"href":"https:\/\/www.forum-soegel.de\/information\/wp-json\/wp\/v2\/categories?post=6982"},{"taxonomy":"post_tag","embeddable":true,"href":"https:\/\/www.forum-soegel.de\/information\/wp-json\/wp\/v2\/tags?post=6982"}],"curies":[{"name":"wp","href":"https:\/\/api.w.org\/{rel}","templated":true}]}}