{"id":6962,"date":"2012-01-01T00:07:42","date_gmt":"2011-12-31T23:07:42","guid":{"rendered":"https:\/\/www.forum-soegel.de\/information\/?p=6962"},"modified":"2011-12-30T11:45:38","modified_gmt":"2011-12-30T10:45:38","slug":"adventssingen-und-lichterfest","status":"publish","type":"post","link":"https:\/\/www.forum-soegel.de\/information\/2012\/01\/adventssingen-und-lichterfest\/","title":{"rendered":"Adventssingen und Lichterfest"},"content":{"rendered":"<p>Als gute Tradition hat sich am Samstag vor dem 1. Advent das Adventssingen der Kinder der Grundschule St. Johannes und das anschlie\u00dfende Lichterfest des HGV etabliert.<\/p>\n<p>Zum 14.Mal fand unter der Leitung von Karin Fischer und unter der Mitwirkung des Chores &#8222;Im Takt&#8220; das Adventssingen der Sch\u00fclerinnen und Sch\u00fcler aus der 1. bis 4. Klasse der Grundschule statt.<\/p>\n<p>Nachmittags trafen sich die Kinder im Pfarrhaus und \u00fcbten f\u00fcr den abendlichen Wortgottesdienst einige adventliche Lieder ein. Der Wortgottesdienst wurde von Diakon Burkhard Becker gehalten.<\/p>\n<p>Anschlie\u00dfend trugen die Kinder ihre Kerzen in einer Lichterprozession zum Weihnachtsbaum vor dem Jugendheim. Dort wurden, nachdem Gottes Segen erbeten wurde, die Lichter am Weihnachtsbaum angez\u00fcndet.<\/p>\n<p>Der HGV hatte auf dem Vorplatz des Jugendheimes einige Buden und Zelte aufgebaut. Hier wurden adventliche Getr\u00e4nke und Speisen wie Gl\u00fchwein und Waffeln angeboten.<\/p>\n<p>F\u00fcr die musikalische Unterhaltung w\u00e4hrend des Lichterfestes sorgte eine Abordnung der Sch\u00fctzenkapelle mit adventlichen Liedern.<\/p>\n<p>Der Aufwand des HGVs wird dadurch belohnt, dass sich die Besucherzahlen von Jahr zu Jahr positiv entwickeln. Daher ist davon auszugehen, dass das Adventssingen und das Lichterfest auch im n\u00e4chsten Jahr wieder stattfinden werden.<\/p>\n<p>Text\/Foto: Werner R\u00fcdebusch<\/p>\n<p><a href=\"https:\/\/www.forum-soegel.de\/information\/wp-content\/uploads\/2011\/12\/Advent-und-lichterfest2.jpg\"><img loading=\"lazy\" decoding=\"async\" class=\"alignnone size-thumbnail wp-image-6963\" title=\"Advent und lichterfest2\" src=\"https:\/\/www.forum-soegel.de\/information\/wp-content\/uploads\/2011\/12\/Advent-und-lichterfest2-150x150.jpg\" alt=\"\" width=\"150\" height=\"150\" \/><\/a>\u00a0 <a href=\"https:\/\/www.forum-soegel.de\/information\/wp-content\/uploads\/2011\/12\/Advent-und-lichterfest10.jpg\"><img loading=\"lazy\" decoding=\"async\" class=\"alignnone size-thumbnail wp-image-6964\" title=\"Advent und lichterfest10\" src=\"https:\/\/www.forum-soegel.de\/information\/wp-content\/uploads\/2011\/12\/Advent-und-lichterfest10-150x150.jpg\" alt=\"\" width=\"150\" height=\"150\" \/><\/a><\/p>\n<p><a href=\"https:\/\/www.forum-soegel.de\/information\/wp-content\/uploads\/2011\/12\/Advent-und-lichterfest16.jpg\"><img loading=\"lazy\" decoding=\"async\" class=\"alignnone size-thumbnail wp-image-6965\" title=\"Advent und lichterfest16\" src=\"https:\/\/www.forum-soegel.de\/information\/wp-content\/uploads\/2011\/12\/Advent-und-lichterfest16-150x150.jpg\" alt=\"\" width=\"150\" height=\"150\" \/><\/a>\u00a0 <a href=\"https:\/\/www.forum-soegel.de\/information\/wp-content\/uploads\/2011\/12\/Advent-und-lichterfest33.jpg\"><img loading=\"lazy\" decoding=\"async\" class=\"alignnone size-thumbnail wp-image-6966\" title=\"Advent und lichterfest33\" src=\"https:\/\/www.forum-soegel.de\/information\/wp-content\/uploads\/2011\/12\/Advent-und-lichterfest33-150x150.jpg\" alt=\"\" width=\"150\" height=\"150\" \/><\/a><\/p>\n","protected":false},"excerpt":{"rendered":"Als gute Tradition hat sich am Samstag vor dem 1. Advent das Adventssingen der Kinder der Grundschule St. Johannes und das anschlie\u00dfende Lichterfest des HGV etabliert. Zum 14.Mal fand unter der Leitung von Karin Fischer und unter der Mitwirkung des Chores &#8222;Im Takt&#8220; das Adventssingen der Sch\u00fclerinnen und Sch\u00fcler aus der 1. bis 4. Klasse [&hellip;]\n","protected":false},"author":2,"featured_media":0,"comment_status":"closed","ping_status":"closed","sticky":false,"template":"","format":"standard","meta":{"ngg_post_thumbnail":0,"footnotes":""},"categories":[6],"tags":[44,795,136,651],"class_list":["post-6962","post","type-post","status-publish","format-standard","hentry","category-aus-der-schule-geplaudert","tag-advent","tag-chor","tag-lichterfest","tag-schutzenkapelle"],"_links":{"self":[{"href":"https:\/\/www.forum-soegel.de\/information\/wp-json\/wp\/v2\/posts\/6962","targetHints":{"allow":["GET"]}}],"collection":[{"href":"https:\/\/www.forum-soegel.de\/information\/wp-json\/wp\/v2\/posts"}],"about":[{"href":"https:\/\/www.forum-soegel.de\/information\/wp-json\/wp\/v2\/types\/post"}],"author":[{"embeddable":true,"href":"https:\/\/www.forum-soegel.de\/information\/wp-json\/wp\/v2\/users\/2"}],"replies":[{"embeddable":true,"href":"https:\/\/www.forum-soegel.de\/information\/wp-json\/wp\/v2\/comments?post=6962"}],"version-history":[{"count":4,"href":"https:\/\/www.forum-soegel.de\/information\/wp-json\/wp\/v2\/posts\/6962\/revisions"}],"predecessor-version":[{"id":7103,"href":"https:\/\/www.forum-soegel.de\/information\/wp-json\/wp\/v2\/posts\/6962\/revisions\/7103"}],"wp:attachment":[{"href":"https:\/\/www.forum-soegel.de\/information\/wp-json\/wp\/v2\/media?parent=6962"}],"wp:term":[{"taxonomy":"category","embeddable":true,"href":"https:\/\/www.forum-soegel.de\/information\/wp-json\/wp\/v2\/categories?post=6962"},{"taxonomy":"post_tag","embeddable":true,"href":"https:\/\/www.forum-soegel.de\/information\/wp-json\/wp\/v2\/tags?post=6962"}],"curies":[{"name":"wp","href":"https:\/\/api.w.org\/{rel}","templated":true}]}}