{"id":6917,"date":"2012-01-01T00:26:41","date_gmt":"2011-12-31T23:26:41","guid":{"rendered":"https:\/\/www.forum-soegel.de\/information\/?p=6917"},"modified":"2011-12-30T11:16:40","modified_gmt":"2011-12-30T10:16:40","slug":"adventsbasar","status":"publish","type":"post","link":"https:\/\/www.forum-soegel.de\/information\/2012\/01\/adventsbasar\/","title":{"rendered":"Adventsbasar"},"content":{"rendered":"<p><a href=\"https:\/\/www.forum-soegel.de\/information\/wp-content\/uploads\/2011\/12\/Basar1.jpg\"><img loading=\"lazy\" decoding=\"async\" class=\"alignleft size-thumbnail wp-image-6918\" title=\"Basar1\" src=\"https:\/\/www.forum-soegel.de\/information\/wp-content\/uploads\/2011\/12\/Basar1-150x150.jpg\" alt=\"\" width=\"150\" height=\"150\" \/><\/a>Die Basargruppe der Frauengemeinschaft konnte nach langer, intensiver Vorbereitung auch in diesem Jahr der Bev\u00f6lkerung einen umfangreichen Basar bieten. Erg\u00e4nzt wurde die sehr gut besuchte Veranstaltung durch die Ausstellung der B\u00fccherei (K\u00d6B) und einer Fotoausstellung zum Thema: Unser Dorf in alten Bildern.<\/p>\n<p>Der Erl\u00f6s des Adventsbasars ist wieder f\u00fcr verschiedene Projekte in der Dritten Welt bestimmt.<\/p>\n<p>Ein besonderer Dank gilt an dieser Stelle den Frauen, die zu diesem Erfolg beigetragen haben.<\/p>\n<p>Text\/ Foto Willi Wigbers\u00a0 Vereine Spahnharrenst\u00e4tte<\/p>\n<p><a href=\"https:\/\/www.forum-soegel.de\/information\/wp-content\/uploads\/2011\/12\/Basar2.jpg\"><img loading=\"lazy\" decoding=\"async\" class=\"alignnone size-thumbnail wp-image-6919\" title=\"Basar2\" src=\"https:\/\/www.forum-soegel.de\/information\/wp-content\/uploads\/2011\/12\/Basar2-150x150.jpg\" alt=\"\" width=\"150\" height=\"150\" \/><\/a>\u00a0 <a href=\"https:\/\/www.forum-soegel.de\/information\/wp-content\/uploads\/2011\/12\/Basar3.jpg\"><img loading=\"lazy\" decoding=\"async\" class=\"alignnone size-thumbnail wp-image-6920\" title=\"Basar3\" src=\"https:\/\/www.forum-soegel.de\/information\/wp-content\/uploads\/2011\/12\/Basar3-150x150.jpg\" alt=\"\" width=\"150\" height=\"150\" \/><\/a>\u00a0 <a href=\"https:\/\/www.forum-soegel.de\/information\/wp-content\/uploads\/2011\/12\/Basar4.jpg\"><img loading=\"lazy\" decoding=\"async\" class=\"alignnone size-thumbnail wp-image-6921\" title=\"Basar4\" src=\"https:\/\/www.forum-soegel.de\/information\/wp-content\/uploads\/2011\/12\/Basar4-150x150.jpg\" alt=\"\" width=\"150\" height=\"150\" \/><\/a><\/p>\n","protected":false},"excerpt":{"rendered":"Die Basargruppe der Frauengemeinschaft konnte nach langer, intensiver Vorbereitung auch in diesem Jahr der Bev\u00f6lkerung einen umfangreichen Basar bieten. Erg\u00e4nzt wurde die sehr gut besuchte Veranstaltung durch die Ausstellung der B\u00fccherei (K\u00d6B) und einer Fotoausstellung zum Thema: Unser Dorf in alten Bildern. Der Erl\u00f6s des Adventsbasars ist wieder f\u00fcr verschiedene Projekte in der Dritten Welt [&hellip;]\n","protected":false},"author":2,"featured_media":0,"comment_status":"closed","ping_status":"closed","sticky":false,"template":"","format":"standard","meta":{"ngg_post_thumbnail":0,"footnotes":""},"categories":[5],"tags":[44,112,772],"class_list":["post-6917","post","type-post","status-publish","format-standard","hentry","category-was-machen-die-vereine","tag-advent","tag-adventsbasar","tag-frauengemeinschaft"],"_links":{"self":[{"href":"https:\/\/www.forum-soegel.de\/information\/wp-json\/wp\/v2\/posts\/6917","targetHints":{"allow":["GET"]}}],"collection":[{"href":"https:\/\/www.forum-soegel.de\/information\/wp-json\/wp\/v2\/posts"}],"about":[{"href":"https:\/\/www.forum-soegel.de\/information\/wp-json\/wp\/v2\/types\/post"}],"author":[{"embeddable":true,"href":"https:\/\/www.forum-soegel.de\/information\/wp-json\/wp\/v2\/users\/2"}],"replies":[{"embeddable":true,"href":"https:\/\/www.forum-soegel.de\/information\/wp-json\/wp\/v2\/comments?post=6917"}],"version-history":[{"count":3,"href":"https:\/\/www.forum-soegel.de\/information\/wp-json\/wp\/v2\/posts\/6917\/revisions"}],"predecessor-version":[{"id":7070,"href":"https:\/\/www.forum-soegel.de\/information\/wp-json\/wp\/v2\/posts\/6917\/revisions\/7070"}],"wp:attachment":[{"href":"https:\/\/www.forum-soegel.de\/information\/wp-json\/wp\/v2\/media?parent=6917"}],"wp:term":[{"taxonomy":"category","embeddable":true,"href":"https:\/\/www.forum-soegel.de\/information\/wp-json\/wp\/v2\/categories?post=6917"},{"taxonomy":"post_tag","embeddable":true,"href":"https:\/\/www.forum-soegel.de\/information\/wp-json\/wp\/v2\/tags?post=6917"}],"curies":[{"name":"wp","href":"https:\/\/api.w.org\/{rel}","templated":true}]}}