{"id":6866,"date":"2012-01-01T00:14:53","date_gmt":"2011-12-31T23:14:53","guid":{"rendered":"https:\/\/www.forum-soegel.de\/information\/?p=6866"},"modified":"2011-12-29T19:19:15","modified_gmt":"2011-12-29T18:19:15","slug":"nein-zu-gewalt-an-frauen","status":"publish","type":"post","link":"https:\/\/www.forum-soegel.de\/information\/2012\/01\/nein-zu-gewalt-an-frauen\/","title":{"rendered":"Nein zu Gewalt an Frauen"},"content":{"rendered":"<p>Mit einem \u00f6kumenischen Wortgottesdienst wurde in S\u00f6gel die Veranstaltung anl\u00e4sslich des internationalen Gedenktages \u201eNein zu Gewalt an Frauen\u201c begonnen und die Fahne mit dem Motto \u201efrei leben\u201c in der Kirche gehisst.<\/p>\n<p>In beeindruckenden Worten wurde auf die Thematik in dem Gottesdienst eingegangen und auf die verschiedenen Arten der Gewalt aufmerksam gemacht. Dazu wurden Texte von betroffenen Frauen vorgetragen.\u00a0 Im St. Jakobus-Haus referierte der Leiter der Polizeistation H\u00fcmmling, Josef Arlinghaus, \u00fcber das Tagesthema und insbesondere \u00fcber die h\u00e4usliche Gewalt.<\/p>\n<p>Beispielhaft nannte er die Anzahl der zur Anzeige gebrachten Straftaten im Bereich der Polizeistation H\u00fcmmling. Er wies insbesondere darauf hin, dass betroffene Frauen sich vertrauensvoll an die Polizeistation wenden k\u00f6nnen.<\/p>\n<p>Die Polizei werde im Sinne der Gesch\u00e4digten geeignete Ma\u00dfnahmen einleiten. Anhand von Zahlenmaterial veranschaulichte er, wie sich die Situation vor Ort darstellt. \u201e Den Anwesenden wurde bewusst, wie aktuell das Thema auch in der hiesigen Region ist\u201c, so Gleichstellungsbeauftragte Annelene Abeln. Die Ehreng\u00e4ste stellten sich mit den Veranstaltern zu einem gemeinsamen Foto im St. Jakobushaus auf, um die Fahne nochmals zu pr\u00e4sentieren.<\/p>\n<p>Text: IC Foto: Gemeinde S\u00f6gel<\/p>\n<div id=\"attachment_6867\" style=\"width: 310px\" class=\"wp-caption alignnone\"><a href=\"https:\/\/www.forum-soegel.de\/information\/wp-content\/uploads\/2011\/12\/Gleichststellungsbeauftragte-Nein-zu-Gewalt-an-Frauen-2011.jpg\"><img loading=\"lazy\" decoding=\"async\" aria-describedby=\"caption-attachment-6867\" class=\"size-medium wp-image-6867\" title=\"Gleichststellungsbeauftragte Nein zu Gewalt an Frauen 2011\" src=\"https:\/\/www.forum-soegel.de\/information\/wp-content\/uploads\/2011\/12\/Gleichststellungsbeauftragte-Nein-zu-Gewalt-an-Frauen-2011-300x225.jpg\" alt=\"\" width=\"300\" height=\"225\" srcset=\"https:\/\/www.forum-soegel.de\/information\/wp-content\/uploads\/2011\/12\/Gleichststellungsbeauftragte-Nein-zu-Gewalt-an-Frauen-2011-300x225.jpg 300w, https:\/\/www.forum-soegel.de\/information\/wp-content\/uploads\/2011\/12\/Gleichststellungsbeauftragte-Nein-zu-Gewalt-an-Frauen-2011.jpg 1024w\" sizes=\"auto, (max-width: 300px) 100vw, 300px\" \/><\/a><p id=\"caption-attachment-6867\" class=\"wp-caption-text\">v.l. Pastor Matthias Voss, Leiter der Polizeistation S\u00f6gel Josef Arlinghaus, Gisela Arling (kfd), stellv. B\u00fcrgermeisterin Ulrike Hinrichs, Gleichstellungsbeauftragte Annelene Abeln und stellv. Gemeindedirektor Hans Nowak.<\/p><\/div>\n","protected":false},"excerpt":{"rendered":"Mit einem \u00f6kumenischen Wortgottesdienst wurde in S\u00f6gel die Veranstaltung anl\u00e4sslich des internationalen Gedenktages \u201eNein zu Gewalt an Frauen\u201c begonnen und die Fahne mit dem Motto \u201efrei leben\u201c in der Kirche gehisst. In beeindruckenden Worten wurde auf die Thematik in dem Gottesdienst eingegangen und auf die verschiedenen Arten der Gewalt aufmerksam gemacht. Dazu wurden Texte von [&hellip;]\n","protected":false},"author":2,"featured_media":0,"comment_status":"closed","ping_status":"closed","sticky":false,"template":"","format":"standard","meta":{"ngg_post_thumbnail":0,"footnotes":""},"categories":[3],"tags":[754,89],"class_list":["post-6866","post","type-post","status-publish","format-standard","hentry","category-aktuelles-aus-der-region","tag-gewalt","tag-gleichstellungsbeauftragte"],"_links":{"self":[{"href":"https:\/\/www.forum-soegel.de\/information\/wp-json\/wp\/v2\/posts\/6866","targetHints":{"allow":["GET"]}}],"collection":[{"href":"https:\/\/www.forum-soegel.de\/information\/wp-json\/wp\/v2\/posts"}],"about":[{"href":"https:\/\/www.forum-soegel.de\/information\/wp-json\/wp\/v2\/types\/post"}],"author":[{"embeddable":true,"href":"https:\/\/www.forum-soegel.de\/information\/wp-json\/wp\/v2\/users\/2"}],"replies":[{"embeddable":true,"href":"https:\/\/www.forum-soegel.de\/information\/wp-json\/wp\/v2\/comments?post=6866"}],"version-history":[{"count":2,"href":"https:\/\/www.forum-soegel.de\/information\/wp-json\/wp\/v2\/posts\/6866\/revisions"}],"predecessor-version":[{"id":6870,"href":"https:\/\/www.forum-soegel.de\/information\/wp-json\/wp\/v2\/posts\/6866\/revisions\/6870"}],"wp:attachment":[{"href":"https:\/\/www.forum-soegel.de\/information\/wp-json\/wp\/v2\/media?parent=6866"}],"wp:term":[{"taxonomy":"category","embeddable":true,"href":"https:\/\/www.forum-soegel.de\/information\/wp-json\/wp\/v2\/categories?post=6866"},{"taxonomy":"post_tag","embeddable":true,"href":"https:\/\/www.forum-soegel.de\/information\/wp-json\/wp\/v2\/tags?post=6866"}],"curies":[{"name":"wp","href":"https:\/\/api.w.org\/{rel}","templated":true}]}}