{"id":6816,"date":"2011-12-01T19:42:04","date_gmt":"2011-12-01T18:42:04","guid":{"rendered":"https:\/\/www.forum-soegel.de\/information\/?p=6816"},"modified":"2011-12-30T11:58:24","modified_gmt":"2011-12-30T10:58:24","slug":"friedensschafherde-verweilt-in-sogel","status":"publish","type":"post","link":"https:\/\/www.forum-soegel.de\/information\/2011\/12\/friedensschafherde-verweilt-in-sogel\/","title":{"rendered":"Friedensschafherde verweilt in S\u00f6gel"},"content":{"rendered":"<p><a href=\"https:\/\/www.forum-soegel.de\/information\/wp-content\/uploads\/2011\/12\/ISBl-Herde.jpg\"><img loading=\"lazy\" decoding=\"async\" class=\"alignleft size-thumbnail wp-image-6817\" title=\"ISBl Herde\" src=\"https:\/\/www.forum-soegel.de\/information\/wp-content\/uploads\/2011\/12\/ISBl-Herde-150x150.jpg\" alt=\"\" width=\"150\" height=\"150\" \/><\/a>Der neu geschaffene Kreisverkehrsplatz in S\u00f6gels Ortsmitte wird einen Blickfang erhalten: 10 blaue Schafe \u201egrasen\u201c k\u00fcnftig eintr\u00e4chtig nebeneinander inmitten des Autoverkehrs auf der gr\u00fcnen Insel. \u201eDie Schafe geh\u00f6ren zu einer gro\u00dfen Herde, die an vielen Orten in Europa ihre Weidengr\u00fcnde hat und in ihrer Symbolik f\u00fcr ein friedliches Miteinander stehen\u201c, erkl\u00e4rt B\u00fcrgermeisterin Irmgard Welling die Entscheidung f\u00fcr die blauen Schafe als Gestaltungsmerkmal.<\/p>\n<p>Wer immer die Herde aufmerksam betrachtet, versteht die Botschaft \u201eALLE SIND GLEICH \u2013 JEDER IST WICHTIG\u201c, so der K\u00fcnstler Rainer Bonk. Die Herde als Zeichen f\u00fcr ein friedliches Miteinander unterschiedlicher Individuen und blau als Farbe der Verbindung; genau wie sie auch die Vereinten Nationen, die Unesco oder auch die Europ\u00e4ische Union in ihren Flaggen verwenden.<\/p>\n<p>Vom 2. bis 4. Dezember gastiert zus\u00e4tzlich eine etwa 100-k\u00f6pfige Schafherde in S\u00f6gel auf dem Ludmillenhof und soll besonders in den Abendstunden mit einer stimmungsvollen Illumination zur besonderen Attraktion werden. An diesem Wochenende werden ohnehin aufgrund des Weihnachtsmarktes auf Schloss Clemenswerth viele Besucher in S\u00f6gel erwartet. Gemeindedirektor G\u00fcnter Wigbers unterstrich, dass in S\u00f6gel viele Menschen unterschiedlicher Herkunft, Nation, Religion und Weltanschauung friedlich miteinander leben. \u201eAuch das wollen wir mit dem Projekt zum Ausdruck bringen: alle sind gleich, jeder ist uns wichtig. \u201c<\/p>\n<p>&nbsp;<\/p>\n<p>Seit der Aktionsk\u00fcnstler Rainer Bonk das Blauschaf erdachte und erschuf, begann neben anderen k\u00fcnstlerischen Aktivit\u00e4ten, seine spannende Karriere als &#8222;Der Blausch\u00e4fer vom Niederrhein&#8220;. Mit seiner Installation \u201eBlauschafherde\u201c, mit der er bis heute als Wandersch\u00e4fer im In- und Ausland unterwegs ist, erlangte er einen beachtlichen Bekanntheitsgrad und sein \u201eBlauschaf\u201c bereits regionalen Kultstatus. Mittlerweile haben die Blauschafe auf vielen bedeutsamen Pl\u00e4tzen im In- und Ausland \u201egegrast\u201c und wurden zu einem sympathischen Blickfang, unter anderem in Venedig, Berlin, Kiel, Linz, Mannheim, Coburg und Strasbourg . Beteiligungen an Landes-, Bundes- und internationalen Gartenausstellungen erzielten eine gro\u00dfe Aufmerksamkeit in der \u00d6ffentlichkeit. Jede Kommune, die den Blauschafen \u201eWeiderecht\u201c gew\u00e4hrt, wird selbst zum Bestandteil des Kunstprojektes. Sie wird symbolisch zum Mitglied einer sich st\u00e4ndig vergr\u00f6\u00dfern, imagin\u00e4ren &#8211; Blauen Friedensherde- einer Gemeinschaft von St\u00e4dten und Gemeinden, die die Botschaft und Zielsetzung der Blauen Schafe bejaht und unterst\u00fctzt. Als Dankesch\u00f6n und erkennbares Zeichen, verbleibt eins der Blauschafe im Rathaus der jeweiligen Stadt\/Gemeinde und wird dem B\u00fcrgermeister\/der B\u00fcrgermeisterin \u00fcberreicht.<\/p>\n<p>&nbsp;<\/p>\n<p>&nbsp;<\/p>\n<p><strong>Kurz-Info f\u00fcr Interessenten<\/strong><\/p>\n<p>Die Blauschafe haben eine ausgezeichnete Witterungsbest\u00e4ndigkeit. Das brillante, blaue Fell ist lichtecht und bleicht auch bei intensiver Sonneneinstrahlung nicht aus. Die Blauschafe sind in ihrer Haltbarkeit vergleichbar mit d\u00fcnnwandigen Terra\u2013Kotta Figuren. F\u00fcr feste Einbauten oder gr\u00f6\u00dfere Belastungen (wie hier in S\u00f6gel beim Kreisverkehr) gibt es eine spezielle Blauschafversion. Sie ist robuster, rein \u00e4u\u00dferlich aber nicht zu unterscheiden. Gestiftet wurden die Schafe im \u00dcbrigen von den am Bau beteiligten Firmen. Wer sich der Aktion anschlie\u00dfen und ein solches Schaf beispielsweise f\u00fcr den eigenen Garten erwerben m\u00f6chte, kann sich mit der Gemeindeverwaltung in Verbindung setzen. Ein Schaf ist f\u00fcr 120 Euro zu erwerben. Weitere Infos auch unter <a href=\"https:\/\/www.blaue-schafe.de\/\">www.blaue-schafe.de<\/a>.<\/p>\n","protected":false},"excerpt":{"rendered":"Der neu geschaffene Kreisverkehrsplatz in S\u00f6gels Ortsmitte wird einen Blickfang erhalten: 10 blaue Schafe \u201egrasen\u201c k\u00fcnftig eintr\u00e4chtig nebeneinander inmitten des Autoverkehrs auf der gr\u00fcnen Insel. \u201eDie Schafe geh\u00f6ren zu einer gro\u00dfen Herde, die an vielen Orten in Europa ihre Weidengr\u00fcnde hat und in ihrer Symbolik f\u00fcr ein friedliches Miteinander stehen\u201c, erkl\u00e4rt B\u00fcrgermeisterin Irmgard Welling die [&hellip;]\n","protected":false},"author":2,"featured_media":0,"comment_status":"open","ping_status":"closed","sticky":false,"template":"","format":"standard","meta":{"ngg_post_thumbnail":0,"footnotes":""},"categories":[10],"tags":[780,808,809],"class_list":["post-6816","post","type-post","status-publish","format-standard","hentry","category-rat-und-verwaltung-informieren","tag-blauschaferei","tag-friedensschafherde","tag-rainer-bonk"],"_links":{"self":[{"href":"https:\/\/www.forum-soegel.de\/information\/wp-json\/wp\/v2\/posts\/6816","targetHints":{"allow":["GET"]}}],"collection":[{"href":"https:\/\/www.forum-soegel.de\/information\/wp-json\/wp\/v2\/posts"}],"about":[{"href":"https:\/\/www.forum-soegel.de\/information\/wp-json\/wp\/v2\/types\/post"}],"author":[{"embeddable":true,"href":"https:\/\/www.forum-soegel.de\/information\/wp-json\/wp\/v2\/users\/2"}],"replies":[{"embeddable":true,"href":"https:\/\/www.forum-soegel.de\/information\/wp-json\/wp\/v2\/comments?post=6816"}],"version-history":[{"count":3,"href":"https:\/\/www.forum-soegel.de\/information\/wp-json\/wp\/v2\/posts\/6816\/revisions"}],"predecessor-version":[{"id":7115,"href":"https:\/\/www.forum-soegel.de\/information\/wp-json\/wp\/v2\/posts\/6816\/revisions\/7115"}],"wp:attachment":[{"href":"https:\/\/www.forum-soegel.de\/information\/wp-json\/wp\/v2\/media?parent=6816"}],"wp:term":[{"taxonomy":"category","embeddable":true,"href":"https:\/\/www.forum-soegel.de\/information\/wp-json\/wp\/v2\/categories?post=6816"},{"taxonomy":"post_tag","embeddable":true,"href":"https:\/\/www.forum-soegel.de\/information\/wp-json\/wp\/v2\/tags?post=6816"}],"curies":[{"name":"wp","href":"https:\/\/api.w.org\/{rel}","templated":true}]}}