{"id":6766,"date":"2011-12-01T00:49:24","date_gmt":"2011-11-30T23:49:24","guid":{"rendered":"https:\/\/www.forum-soegel.de\/information\/?p=6766"},"modified":"2011-12-30T12:08:10","modified_gmt":"2011-12-30T11:08:10","slug":"gedenkfeier","status":"publish","type":"post","link":"https:\/\/www.forum-soegel.de\/information\/2011\/12\/gedenkfeier\/","title":{"rendered":"Gedenkfeier"},"content":{"rendered":"<p style=\"text-align: left;\" align=\"center\"><strong>Verlegung von Stolpersteinen<\/strong><\/p>\n<p>Zur Erinnerung an die Reichspogromnacht am 9. November 1938, in der die Nationalsozialisten zahlreiche j\u00fcdische Gesch\u00e4fte und Synagogen in Brand setzten, hat in S\u00f6gel eine Gedenkfeiern f\u00fcr die deportierten und get\u00f6teten Juden stattgefunden.<\/p>\n<p>Die Gemeinde S\u00f6gel hatte diesen besonderen Tag zum Anlass genommen, durch den K\u00fcnstler Gunter Demnig zehn sogenannte \u201eStolpersteine\u201c \u00a0verlegen zu lassen. Die Steine mit Messingbeschlag werden in das Pflaster vor dem letzten bekannten Wohnort der get\u00f6teten Juden verlegt. Auf ihm verzeichnet ist der Name, Geburtstag und, soweit bekannt, das Todesdatum und der -ort. Die Stolpersteine wurden vor dem ehemaligen Haus von Bertha und Else Jacobs verlegt, zudem vor dem Haus von Walter, Rosa, Ludwig und Gottfried Gr\u00fcnberg sowie von Isidor, Helene, Helga und Heinz Gr\u00fcnberg. Weitere Steine sollen in den kommenden Jahren folgen. Laut Demnig sollen die Steine im Boden die Menschen dazu bewegen, stehen zu bleiben, sich zu b\u00fccken, um sich damit symbolisch vor den get\u00f6teten Menschen zu verbeugen. Mitgestaltet wurde die Gedenkfeier von Sch\u00fclern der Schule am Schloss und des H\u00fcmmling-Gymnasiums, die Musikst\u00fccke spielten und die Biografien der Get\u00f6teten, soweit bekannt, vorlasen.<\/p>\n<p>Besonders emotional wurde die Feier durch die Anwesenheit der Angeh\u00f6rigen einiger get\u00f6teter S\u00f6geler Juden. So konnte auch B\u00fcrgermeisterin Irmgard Welling ihre Tr\u00e4nen bei ihrer Ansprache kaum unterdr\u00fccken. Der Weg in eine friedvolle Zukunft k\u00f6nne nur gegangen werden, wenn die Erinnerung wachgehalten und an die junge Generation weitergegeben werde. Besonders lobte sie die beteiligten Sch\u00fcler, die so den gedem\u00fctigten Opfern ihre Namen zur\u00fcckgegeben h\u00e4tten. Abschlie\u00dfend forderte sie alle Anwesenden dazu auf, die Gedenkst\u00e4tte in Esterwegen zu besuchen, die ebenfalls einen Beitrag dazu leiste, die Erinnerung zu bewahren.<\/p>\n<p>Das letzte Wort hatte die S\u00f6gelerin Grete Ahrens, die in den 30er-Jahren mit ihren Eltern hinter der Synagoge lebte und deren Familie mit der Familie Gr\u00fcnberg befreundet war. Unter Tr\u00e4nen beschrieb sie das freundschaftliche Zusammenleben von Christen und Juden in S\u00f6gel, bis die Nationalsozialisten alles ver\u00e4ndert h\u00e4tten. \u201eAus Freundschaft wurde Feindschaft\u201c, erz\u00e4hlte sie. Als die Nazis die Synagoge in Brand gesetzt h\u00e4tten, habe ihr Vater noch Gelegenheit gehabt, die Thorarolle der Synagoge zu retten. Heute ist sie in der Osnabr\u00fccker Synagoge ausgestellt. Ahrens freute sich besonders \u00fcber die Anwesenheit der Angeh\u00f6rigen. Dies sei ein Zeichen von Vers\u00f6hnung. Luis Gr\u00fcnberg, der nach dem Krieg nach S\u00f6gel zur\u00fcckkehrte, habe ihr anvertraut: \u201eIch habe nichts vergessen, aber allen verziehen.\u201c Das w\u00fcrde sie ihm noch heute hoch anrechnen.<\/p>\n<p><a href=\"https:\/\/www.forum-soegel.de\/information\/wp-content\/uploads\/2011\/11\/Stolpersteine.jpg\"><img loading=\"lazy\" decoding=\"async\" class=\"alignnone size-medium wp-image-6767\" title=\"Stolpersteine\" src=\"https:\/\/www.forum-soegel.de\/information\/wp-content\/uploads\/2011\/11\/Stolpersteine-300x225.jpg\" alt=\"\" width=\"300\" height=\"225\" srcset=\"https:\/\/www.forum-soegel.de\/information\/wp-content\/uploads\/2011\/11\/Stolpersteine-300x225.jpg 300w, https:\/\/www.forum-soegel.de\/information\/wp-content\/uploads\/2011\/11\/Stolpersteine.jpg 1024w\" sizes=\"auto, (max-width: 300px) 100vw, 300px\" \/><\/a><\/p>\n","protected":false},"excerpt":{"rendered":"Verlegung von Stolpersteinen Zur Erinnerung an die Reichspogromnacht am 9. November 1938, in der die Nationalsozialisten zahlreiche j\u00fcdische Gesch\u00e4fte und Synagogen in Brand setzten, hat in S\u00f6gel eine Gedenkfeiern f\u00fcr die deportierten und get\u00f6teten Juden stattgefunden. Die Gemeinde S\u00f6gel hatte diesen besonderen Tag zum Anlass genommen, durch den K\u00fcnstler Gunter Demnig zehn sogenannte \u201eStolpersteine\u201c \u00a0verlegen [&hellip;]\n","protected":false},"author":2,"featured_media":0,"comment_status":"closed","ping_status":"closed","sticky":false,"template":"","format":"standard","meta":{"ngg_post_thumbnail":0,"footnotes":""},"categories":[3],"tags":[823,822,521,388],"class_list":["post-6766","post","type-post","status-publish","format-standard","hentry","category-aktuelles-aus-der-region","tag-juden","tag-nationalsozialismus","tag-reichsprogromnacht","tag-stolpersteine"],"_links":{"self":[{"href":"https:\/\/www.forum-soegel.de\/information\/wp-json\/wp\/v2\/posts\/6766","targetHints":{"allow":["GET"]}}],"collection":[{"href":"https:\/\/www.forum-soegel.de\/information\/wp-json\/wp\/v2\/posts"}],"about":[{"href":"https:\/\/www.forum-soegel.de\/information\/wp-json\/wp\/v2\/types\/post"}],"author":[{"embeddable":true,"href":"https:\/\/www.forum-soegel.de\/information\/wp-json\/wp\/v2\/users\/2"}],"replies":[{"embeddable":true,"href":"https:\/\/www.forum-soegel.de\/information\/wp-json\/wp\/v2\/comments?post=6766"}],"version-history":[{"count":2,"href":"https:\/\/www.forum-soegel.de\/information\/wp-json\/wp\/v2\/posts\/6766\/revisions"}],"predecessor-version":[{"id":7124,"href":"https:\/\/www.forum-soegel.de\/information\/wp-json\/wp\/v2\/posts\/6766\/revisions\/7124"}],"wp:attachment":[{"href":"https:\/\/www.forum-soegel.de\/information\/wp-json\/wp\/v2\/media?parent=6766"}],"wp:term":[{"taxonomy":"category","embeddable":true,"href":"https:\/\/www.forum-soegel.de\/information\/wp-json\/wp\/v2\/categories?post=6766"},{"taxonomy":"post_tag","embeddable":true,"href":"https:\/\/www.forum-soegel.de\/information\/wp-json\/wp\/v2\/tags?post=6766"}],"curies":[{"name":"wp","href":"https:\/\/api.w.org\/{rel}","templated":true}]}}