{"id":6673,"date":"2011-12-01T00:29:16","date_gmt":"2011-11-30T23:29:16","guid":{"rendered":"https:\/\/www.forum-soegel.de\/information\/?p=6673"},"modified":"2011-12-30T12:32:10","modified_gmt":"2011-12-30T11:32:10","slug":"erich-kastner-schule-offnet-schulwald-fur-das-familienzentrum","status":"publish","type":"post","link":"https:\/\/www.forum-soegel.de\/information\/2011\/12\/erich-kastner-schule-offnet-schulwald-fur-das-familienzentrum\/","title":{"rendered":"Erich- K\u00e4stner-Schule \u00f6ffnet Schulwald f\u00fcr das Familienzentrum"},"content":{"rendered":"<p>Herr und Frau L\u00fcnswilken haben an zwei Vormittagen die Vorschulkinder der kath. Kita St. Jakobus durch den Schulwald der Erich- K\u00e4stner- Schule gef\u00fchrt.<\/p>\n<p>An mehreren Lernstationen konnten die Kinder verschiedene Baumrinden f\u00fchlen, Tannenzapfen zum passenden Baum zuordnen, Vogelnamen, Tiernamen, Namen von Nadelb\u00e4umen und Laubb\u00e4umen benennen oder kennen lernen.<\/p>\n<p>Die Vorschulkinder waren begeisterst von den Stationen und haben viel gelernt.<\/p>\n<p>&nbsp;<\/p>\n<p>Text\/Foto: Irmgard Welling<\/p>\n<p><a href=\"https:\/\/www.forum-soegel.de\/information\/wp-content\/uploads\/2011\/11\/Erich-K\u00e4stner-Schule-\u00f6ffnet.jpg\"><img loading=\"lazy\" decoding=\"async\" class=\"alignnone size-thumbnail wp-image-6674\" title=\"Erich K\u00e4stner Schule \u00f6ffnet\" src=\"https:\/\/www.forum-soegel.de\/information\/wp-content\/uploads\/2011\/11\/Erich-K\u00e4stner-Schule-\u00f6ffnet-150x150.jpg\" alt=\"\" width=\"150\" height=\"150\" \/><\/a><\/p>\n","protected":false},"excerpt":{"rendered":"Herr und Frau L\u00fcnswilken haben an zwei Vormittagen die Vorschulkinder der kath. Kita St. Jakobus durch den Schulwald der Erich- K\u00e4stner- Schule gef\u00fchrt. An mehreren Lernstationen konnten die Kinder verschiedene Baumrinden f\u00fchlen, Tannenzapfen zum passenden Baum zuordnen, Vogelnamen, Tiernamen, Namen von Nadelb\u00e4umen und Laubb\u00e4umen benennen oder kennen lernen. Die Vorschulkinder waren begeisterst von den Stationen [&hellip;]\n","protected":false},"author":2,"featured_media":0,"comment_status":"closed","ping_status":"closed","sticky":false,"template":"","format":"standard","meta":{"ngg_post_thumbnail":0,"footnotes":""},"categories":[6],"tags":[369,845],"class_list":["post-6673","post","type-post","status-publish","format-standard","hentry","category-aus-der-schule-geplaudert","tag-erich-kastner-schule","tag-schulwald"],"_links":{"self":[{"href":"https:\/\/www.forum-soegel.de\/information\/wp-json\/wp\/v2\/posts\/6673","targetHints":{"allow":["GET"]}}],"collection":[{"href":"https:\/\/www.forum-soegel.de\/information\/wp-json\/wp\/v2\/posts"}],"about":[{"href":"https:\/\/www.forum-soegel.de\/information\/wp-json\/wp\/v2\/types\/post"}],"author":[{"embeddable":true,"href":"https:\/\/www.forum-soegel.de\/information\/wp-json\/wp\/v2\/users\/2"}],"replies":[{"embeddable":true,"href":"https:\/\/www.forum-soegel.de\/information\/wp-json\/wp\/v2\/comments?post=6673"}],"version-history":[{"count":2,"href":"https:\/\/www.forum-soegel.de\/information\/wp-json\/wp\/v2\/posts\/6673\/revisions"}],"predecessor-version":[{"id":7141,"href":"https:\/\/www.forum-soegel.de\/information\/wp-json\/wp\/v2\/posts\/6673\/revisions\/7141"}],"wp:attachment":[{"href":"https:\/\/www.forum-soegel.de\/information\/wp-json\/wp\/v2\/media?parent=6673"}],"wp:term":[{"taxonomy":"category","embeddable":true,"href":"https:\/\/www.forum-soegel.de\/information\/wp-json\/wp\/v2\/categories?post=6673"},{"taxonomy":"post_tag","embeddable":true,"href":"https:\/\/www.forum-soegel.de\/information\/wp-json\/wp\/v2\/tags?post=6673"}],"curies":[{"name":"wp","href":"https:\/\/api.w.org\/{rel}","templated":true}]}}